{"id":22056,"date":"2025-05-27T15:12:56","date_gmt":"2025-05-27T13:12:56","guid":{"rendered":"https:\/\/cullarvega.com\/casa-cultura\/?p=22056"},"modified":"2025-05-27T15:12:57","modified_gmt":"2025-05-27T13:12:57","slug":"cullar-vega-organiza-un-curso-de-soporte-vital-basico-y-uso-del-desfibrilador-automatico","status":"publish","type":"post","link":"https:\/\/cullarvega.com\/casa-cultura\/cullar-vega-organiza-un-curso-de-soporte-vital-basico-y-uso-del-desfibrilador-automatico\/","title":{"rendered":"C\u00fallar Vega organiza un curso de Soporte Vital B\u00e1sico y uso del desfibrilador autom\u00e1tico"},"content":{"rendered":"\n<p>La Concejal\u00eda de Salud del Ayuntamiento de C\u00fallar Vega ha organizado un nuevo <strong>curso de Soporte Vital B\u00e1sico (SVB)<\/strong> y <strong>manejo del Desfibrilador Externo Automatizado (DEA)<\/strong>, dirigido a personas empadronadas en el municipio. <\/p>\n\n\n\n<p>La formaci\u00f3n se celebrar\u00e1 el pr\u00f3ximo <strong>martes 10 de junio de 2025<\/strong>, en horario de <strong>17:30 a 21:00 horas<\/strong>, en la <strong>Casa de la Cultura de C\u00fallar Vega<\/strong>, situada en el Paseo Ger\u00f3nimo de Rueda.El curso tiene un <strong>precio de 20 euros<\/strong> y las <strong>plazas son limitadas<\/strong>, por lo que se requiere <strong>inscripci\u00f3n previa<\/strong> que podr\u00e1 realizarse de lunes a viernes en el Ayuntamiento.<\/p>\n\n\n\n<p>Esta iniciativa forma parte del programa <strong>\u201cSalvemos nuestro coraz\u00f3n\u201d<\/strong>, que tiene como objetivo formar a la ciudadan\u00eda en t\u00e9cnicas de reanimaci\u00f3n cardiopulmonar y uso del DEA, con el fin de aumentar la capacidad de respuesta ante emergencias y contribuir a salvar vidas.<\/p>\n\n\n\n<p>Desde el consistorio se anima a la participaci\u00f3n en esta formaci\u00f3n, clave para mejorar la seguridad y salud comunitaria.<\/p>\n\n\n\n<figure class=\"wp-block-image size-large\"><a href=\"https:\/\/cullarvega.com\/casa-cultura\/wp-content\/uploads\/2025\/05\/curso-desfibrilador-semiautomatico-cullar-vega.jpeg\"><img fetchpriority=\"high\" decoding=\"async\" width=\"724\" height=\"1024\" src=\"https:\/\/cullarvega.com\/casa-cultura\/wp-content\/uploads\/2025\/05\/curso-desfibrilador-semiautomatico-cullar-vega-724x1024.jpeg\" alt=\"\" class=\"wp-image-22057\" srcset=\"https:\/\/cullarvega.com\/casa-cultura\/wp-content\/uploads\/2025\/05\/curso-desfibrilador-semiautomatico-cullar-vega-724x1024.jpeg 724w, https:\/\/cullarvega.com\/casa-cultura\/wp-content\/uploads\/2025\/05\/curso-desfibrilador-semiautomatico-cullar-vega-212x300.jpeg 212w, https:\/\/cullarvega.com\/casa-cultura\/wp-content\/uploads\/2025\/05\/curso-desfibrilador-semiautomatico-cullar-vega-768x1086.jpeg 768w, https:\/\/cullarvega.com\/casa-cultura\/wp-content\/uploads\/2025\/05\/curso-desfibrilador-semiautomatico-cullar-vega-1086x1536.jpeg 1086w, https:\/\/cullarvega.com\/casa-cultura\/wp-content\/uploads\/2025\/05\/curso-desfibrilador-semiautomatico-cullar-vega-424x600.jpeg 424w, https:\/\/cullarvega.com\/casa-cultura\/wp-content\/uploads\/2025\/05\/curso-desfibrilador-semiautomatico-cullar-vega-396x560.jpeg 396w, https:\/\/cullarvega.com\/casa-cultura\/wp-content\/uploads\/2025\/05\/curso-desfibrilador-semiautomatico-cullar-vega.jpeg 1131w\" sizes=\"(max-width: 724px) 100vw, 724px\" \/><\/a><\/figure>\n","protected":false},"excerpt":{"rendered":"<p>La Concejal\u00eda de Salud del Ayuntamiento de C\u00fallar Vega ha organizado un nuevo curso de Soporte Vital B\u00e1sico (SVB) y manejo del Desfibrilador Externo Automatizado (DEA), dirigido a personas empadronadas en el municipio. La formaci\u00f3n se celebrar\u00e1 el pr\u00f3ximo martes 10 de junio de 2025, en horario de 17:30 a 21:00 horas, en la Casa [&hellip;]<\/p>\n","protected":false},"author":1,"featured_media":22057,"comment_status":"closed","ping_status":"open","sticky":false,"template":"","format":"standard","meta":{"footnotes":""},"categories":[176],"tags":[],"class_list":["post-22056","post","type-post","status-publish","format-standard","has-post-thumbnail","hentry","category-formacion"],"_links":{"self":[{"href":"https:\/\/cullarvega.com\/casa-cultura\/wp-json\/wp\/v2\/posts\/22056","targetHints":{"allow":["GET"]}}],"collection":[{"href":"https:\/\/cullarvega.com\/casa-cultura\/wp-json\/wp\/v2\/posts"}],"about":[{"href":"https:\/\/cullarvega.com\/casa-cultura\/wp-json\/wp\/v2\/types\/post"}],"author":[{"embeddable":true,"href":"https:\/\/cullarvega.com\/casa-cultura\/wp-json\/wp\/v2\/users\/1"}],"replies":[{"embeddable":true,"href":"https:\/\/cullarvega.com\/casa-cultura\/wp-json\/wp\/v2\/comments?post=22056"}],"version-history":[{"count":1,"href":"https:\/\/cullarvega.com\/casa-cultura\/wp-json\/wp\/v2\/posts\/22056\/revisions"}],"predecessor-version":[{"id":22058,"href":"https:\/\/cullarvega.com\/casa-cultura\/wp-json\/wp\/v2\/posts\/22056\/revisions\/22058"}],"wp:featuredmedia":[{"embeddable":true,"href":"https:\/\/cullarvega.com\/casa-cultura\/wp-json\/wp\/v2\/media\/22057"}],"wp:attachment":[{"href":"https:\/\/cullarvega.com\/casa-cultura\/wp-json\/wp\/v2\/media?parent=22056"}],"wp:term":[{"taxonomy":"category","embeddable":true,"href":"https:\/\/cullarvega.com\/casa-cultura\/wp-json\/wp\/v2\/categories?post=22056"},{"taxonomy":"post_tag","embeddable":true,"href":"https:\/\/cullarvega.com\/casa-cultura\/wp-json\/wp\/v2\/tags?post=22056"}],"curies":[{"name":"wp","href":"https:\/\/api.w.org\/{rel}","templated":true}]}}