{"id":22049,"date":"2025-05-26T11:39:11","date_gmt":"2025-05-26T09:39:11","guid":{"rendered":"https:\/\/cullarvega.com\/casa-cultura\/?p=22049"},"modified":"2025-05-26T11:39:12","modified_gmt":"2025-05-26T09:39:12","slug":"cullar-vega-acoge-la-presentacion-del-libro-ensayo-para-un-viaje-de-rafael-santos-rodriguez","status":"publish","type":"post","link":"https:\/\/cullarvega.com\/casa-cultura\/cullar-vega-acoge-la-presentacion-del-libro-ensayo-para-un-viaje-de-rafael-santos-rodriguez\/","title":{"rendered":"C\u00fallar Vega acoge la presentaci\u00f3n del libro \u201cEnsayo para un viaje\u201d de Rafael Santos Rodr\u00edguez"},"content":{"rendered":"\n<p>El pr\u00f3ximo&nbsp;<strong>lunes 9 de junio a las 20:00 h<\/strong>, la&nbsp;<strong>Casa de la Cultura de C\u00fallar Vega<\/strong>&nbsp;ser\u00e1 el escenario de la presentaci\u00f3n del libro&nbsp;<em>Ensayo para un viaje \u2013\u042d\u0421\u0421\u0415 \u0414\u041b\u042f \u041f\u0423\u0422\u0415\u0428\u0415\u0421\u0422\u0412\u0418\u042f\u2013<\/em>, del escritor&nbsp;<strong>Rafael Santos Rodr\u00edguez<\/strong>.<\/p>\n\n\n\n<p>Con el sugerente subt\u00edtulo\u00a0<em>\u00abDe Granada a Minsk: dos mundos a cuatro horas de distancia\u00bb<\/em>, esta cita es imprescindible para los amantes de la literatura, la cultura y los viajes.<\/p>\n\n\n\n<p><a href=\"https:\/\/www.cullarvega.com\/wp-content\/uploads\/2025\/05\/presentacion-libro-ensayo-para-un-viaje-cullar-vega.jpeg\"><\/a><\/p>\n\n\n\n<figure class=\"wp-block-image size-large\"><a href=\"https:\/\/cullarvega.com\/casa-cultura\/wp-content\/uploads\/2025\/05\/presentacion-libro-ensayo-para-un-viaje-cullar-vega-1038x1536-1.jpeg\"><img fetchpriority=\"high\" decoding=\"async\" width=\"692\" height=\"1024\" src=\"https:\/\/cullarvega.com\/casa-cultura\/wp-content\/uploads\/2025\/05\/presentacion-libro-ensayo-para-un-viaje-cullar-vega-1038x1536-1-692x1024.jpeg\" alt=\"\" class=\"wp-image-22050\" srcset=\"https:\/\/cullarvega.com\/casa-cultura\/wp-content\/uploads\/2025\/05\/presentacion-libro-ensayo-para-un-viaje-cullar-vega-1038x1536-1-692x1024.jpeg 692w, https:\/\/cullarvega.com\/casa-cultura\/wp-content\/uploads\/2025\/05\/presentacion-libro-ensayo-para-un-viaje-cullar-vega-1038x1536-1-203x300.jpeg 203w, https:\/\/cullarvega.com\/casa-cultura\/wp-content\/uploads\/2025\/05\/presentacion-libro-ensayo-para-un-viaje-cullar-vega-1038x1536-1-768x1136.jpeg 768w, https:\/\/cullarvega.com\/casa-cultura\/wp-content\/uploads\/2025\/05\/presentacion-libro-ensayo-para-un-viaje-cullar-vega-1038x1536-1-405x600.jpeg 405w, https:\/\/cullarvega.com\/casa-cultura\/wp-content\/uploads\/2025\/05\/presentacion-libro-ensayo-para-un-viaje-cullar-vega-1038x1536-1-378x560.jpeg 378w, https:\/\/cullarvega.com\/casa-cultura\/wp-content\/uploads\/2025\/05\/presentacion-libro-ensayo-para-un-viaje-cullar-vega-1038x1536-1.jpeg 1038w\" sizes=\"(max-width: 692px) 100vw, 692px\" \/><\/a><\/figure>\n","protected":false},"excerpt":{"rendered":"<p>El pr\u00f3ximo&nbsp;lunes 9 de junio a las 20:00 h, la&nbsp;Casa de la Cultura de C\u00fallar Vega&nbsp;ser\u00e1 el escenario de la presentaci\u00f3n del libro&nbsp;Ensayo para un viaje \u2013\u042d\u0421\u0421\u0415 \u0414\u041b\u042f \u041f\u0423\u0422\u0415\u0428\u0415\u0421\u0422\u0412\u0418\u042f\u2013, del escritor&nbsp;Rafael Santos Rodr\u00edguez. Con el sugerente subt\u00edtulo\u00a0\u00abDe Granada a Minsk: dos mundos a cuatro horas de distancia\u00bb, esta cita es imprescindible para los amantes de [&hellip;]<\/p>\n","protected":false},"author":1,"featured_media":22050,"comment_status":"closed","ping_status":"open","sticky":false,"template":"","format":"standard","meta":{"footnotes":""},"categories":[41],"tags":[],"class_list":["post-22049","post","type-post","status-publish","format-standard","has-post-thumbnail","hentry","category-biblioteca"],"_links":{"self":[{"href":"https:\/\/cullarvega.com\/casa-cultura\/wp-json\/wp\/v2\/posts\/22049","targetHints":{"allow":["GET"]}}],"collection":[{"href":"https:\/\/cullarvega.com\/casa-cultura\/wp-json\/wp\/v2\/posts"}],"about":[{"href":"https:\/\/cullarvega.com\/casa-cultura\/wp-json\/wp\/v2\/types\/post"}],"author":[{"embeddable":true,"href":"https:\/\/cullarvega.com\/casa-cultura\/wp-json\/wp\/v2\/users\/1"}],"replies":[{"embeddable":true,"href":"https:\/\/cullarvega.com\/casa-cultura\/wp-json\/wp\/v2\/comments?post=22049"}],"version-history":[{"count":1,"href":"https:\/\/cullarvega.com\/casa-cultura\/wp-json\/wp\/v2\/posts\/22049\/revisions"}],"predecessor-version":[{"id":22051,"href":"https:\/\/cullarvega.com\/casa-cultura\/wp-json\/wp\/v2\/posts\/22049\/revisions\/22051"}],"wp:featuredmedia":[{"embeddable":true,"href":"https:\/\/cullarvega.com\/casa-cultura\/wp-json\/wp\/v2\/media\/22050"}],"wp:attachment":[{"href":"https:\/\/cullarvega.com\/casa-cultura\/wp-json\/wp\/v2\/media?parent=22049"}],"wp:term":[{"taxonomy":"category","embeddable":true,"href":"https:\/\/cullarvega.com\/casa-cultura\/wp-json\/wp\/v2\/categories?post=22049"},{"taxonomy":"post_tag","embeddable":true,"href":"https:\/\/cullarvega.com\/casa-cultura\/wp-json\/wp\/v2\/tags?post=22049"}],"curies":[{"name":"wp","href":"https:\/\/api.w.org\/{rel}","templated":true}]}}