{"id":22046,"date":"2025-05-26T11:37:03","date_gmt":"2025-05-26T09:37:03","guid":{"rendered":"https:\/\/cullarvega.com\/casa-cultura\/?p=22046"},"modified":"2025-05-26T11:37:04","modified_gmt":"2025-05-26T09:37:04","slug":"taller-sanapausia-como-vivir-la-perimenopausia-y-la-menopausia-en-plenitud","status":"publish","type":"post","link":"https:\/\/cullarvega.com\/casa-cultura\/taller-sanapausia-como-vivir-la-perimenopausia-y-la-menopausia-en-plenitud\/","title":{"rendered":"Taller\u00a0Sanapausia: C\u00f3mo vivir la perimenopausia y la menopausia en plenitud"},"content":{"rendered":"\n<p>Desde la&nbsp;<strong>Concejal\u00eda de Salud y Pol\u00edticas de Igualdad<\/strong>&nbsp;os invitamos a participar en el&nbsp;Taller&nbsp;<em>Sanapausia: C\u00f3mo vivir la perimenopausia y la menopausia en plenitud<\/em>,&nbsp;en el cual se explorar\u00e1n los cambios que se producen durante la menopausia y las estrategias para afrontar esta etapa de forma saludable.&nbsp;<\/p>\n\n\n\n<p>Este taller&nbsp;forma parte del programa de actividades en torno al<strong>&nbsp;28 de mayo&nbsp;<em>D\u00eda Internacional de Acci\u00f3n por la Salud de las Mujeres.&nbsp;<\/em><\/strong><\/p>\n\n\n\n<p>D\u00eda:&nbsp;<strong>jueves 29 de mayo&nbsp;de 2025.<\/strong><\/p>\n\n\n\n<p>Hora:&nbsp;<strong>18.00 h.<\/strong><\/p>\n\n\n\n<p>Lugar: Casa de la Cultura.&nbsp;<\/p>\n\n\n\n<p><strong>Dirigido a todas las mujeres interesadas.<\/strong><\/p>\n\n\n\n<p><strong>Inscripciones hasta el 29 de mayo&nbsp;<\/strong>en el tel\u00e9fono 9528574133 o directamente en el Centro Municipal de Informaci\u00f3n a la Mujer (C\/ Alonso Cano 41).<a href=\"https:\/\/www.cullarvega.com\/wp-content\/uploads\/2025\/05\/taller-sanapausia-cullar-vega.jpg\"><\/a><\/p>\n","protected":false},"excerpt":{"rendered":"<p>Desde la&nbsp;Concejal\u00eda de Salud y Pol\u00edticas de Igualdad&nbsp;os invitamos a participar en el&nbsp;Taller&nbsp;Sanapausia: C\u00f3mo vivir la perimenopausia y la menopausia en plenitud,&nbsp;en el cual se explorar\u00e1n los cambios que se producen durante la menopausia y las estrategias para afrontar esta etapa de forma saludable.&nbsp; Este taller&nbsp;forma parte del programa de actividades en torno al&nbsp;28 de [&hellip;]<\/p>\n","protected":false},"author":1,"featured_media":22047,"comment_status":"closed","ping_status":"open","sticky":false,"template":"","format":"standard","meta":{"footnotes":""},"categories":[176],"tags":[],"class_list":["post-22046","post","type-post","status-publish","format-standard","has-post-thumbnail","hentry","category-formacion"],"_links":{"self":[{"href":"https:\/\/cullarvega.com\/casa-cultura\/wp-json\/wp\/v2\/posts\/22046","targetHints":{"allow":["GET"]}}],"collection":[{"href":"https:\/\/cullarvega.com\/casa-cultura\/wp-json\/wp\/v2\/posts"}],"about":[{"href":"https:\/\/cullarvega.com\/casa-cultura\/wp-json\/wp\/v2\/types\/post"}],"author":[{"embeddable":true,"href":"https:\/\/cullarvega.com\/casa-cultura\/wp-json\/wp\/v2\/users\/1"}],"replies":[{"embeddable":true,"href":"https:\/\/cullarvega.com\/casa-cultura\/wp-json\/wp\/v2\/comments?post=22046"}],"version-history":[{"count":1,"href":"https:\/\/cullarvega.com\/casa-cultura\/wp-json\/wp\/v2\/posts\/22046\/revisions"}],"predecessor-version":[{"id":22048,"href":"https:\/\/cullarvega.com\/casa-cultura\/wp-json\/wp\/v2\/posts\/22046\/revisions\/22048"}],"wp:featuredmedia":[{"embeddable":true,"href":"https:\/\/cullarvega.com\/casa-cultura\/wp-json\/wp\/v2\/media\/22047"}],"wp:attachment":[{"href":"https:\/\/cullarvega.com\/casa-cultura\/wp-json\/wp\/v2\/media?parent=22046"}],"wp:term":[{"taxonomy":"category","embeddable":true,"href":"https:\/\/cullarvega.com\/casa-cultura\/wp-json\/wp\/v2\/categories?post=22046"},{"taxonomy":"post_tag","embeddable":true,"href":"https:\/\/cullarvega.com\/casa-cultura\/wp-json\/wp\/v2\/tags?post=22046"}],"curies":[{"name":"wp","href":"https:\/\/api.w.org\/{rel}","templated":true}]}}