{"id":22040,"date":"2025-01-28T12:59:00","date_gmt":"2025-01-28T10:59:00","guid":{"rendered":"https:\/\/cullarvega.com\/casa-cultura\/?p=22040"},"modified":"2025-05-09T13:04:13","modified_gmt":"2025-05-09T11:04:13","slug":"cineforum-cortometrajes-ganadores-del-premio-goya","status":"publish","type":"post","link":"https:\/\/cullarvega.com\/casa-cultura\/cineforum-cortometrajes-ganadores-del-premio-goya\/","title":{"rendered":"Cineforum: Cortometrajes Ganadores del Premio GOYA"},"content":{"rendered":"\n<p>Dentro de la programaci\u00f3n especial de la entrega de los <strong>Premios GOYA<\/strong> que se celebrar\u00e1 en Granada, te invitamos el pr\u00f3ximo jueves 6 de febrero a una tarde \u00fanica e inolvidable con la proyecci\u00f3n de <strong>5 cortometrajes galardonados con el Premio GOYA<\/strong>.<\/p>\n\n\n\n<p>Una experiencia donde podr\u00e1s disfrutar del talento, la creatividad y las emociones que han cautivado tanto al p\u00fablico como a la cr\u00edtica. Adem\u00e1s, tras la proyecci\u00f3n, abriremos un espacio para compartir impresiones, analizar los temas abordados y debatir con otros apasionados del cine.<\/p>\n\n\n\n<p>Cortometrajes seleccionados:<br>\u2013 \u00abA la cara\u00bb \u2013 Javier Marco (2021)<br>\u2013 \u00abEl Columpio\u00bb \u2013 \u00c1lvaro Fern\u00e1ndez Armero (1992)<br>\u2013 \u00abSue\u00f1os\u00bb \u2013 Daniel Guzm\u00e1n (2003)<br>\u2013 \u00abCaf\u00e9 para llevar\u00bb \u2013 Patricia Font (2014)<br>\u2013 \u00abCerdita\u00bb \u2013 Carlota Mart\u00ednez Pereda (2018)<\/p>\n\n\n\n<p>Os esperamos en el <strong>Punto Vuela C\u00fallar Vega<\/strong> (<a href=\"https:\/\/maps.app.goo.gl\/p8Qtk9jJdQjszmmJ6\" target=\"_blank\" rel=\"noreferrer noopener\">https:\/\/maps.app.goo.gl\/p8Qtk9jJdQjszmmJ6<\/a>) el jueves 6 de febrero a las <strong>18 h.<\/strong><\/p>\n\n\n\n<figure class=\"wp-block-image size-full\"><a href=\"https:\/\/cullarvega.com\/casa-cultura\/wp-content\/uploads\/2025\/05\/cineforum-cortometrajes-goya-cullar-vega-724x1024-1.png\"><img fetchpriority=\"high\" decoding=\"async\" width=\"724\" height=\"1024\" src=\"https:\/\/cullarvega.com\/casa-cultura\/wp-content\/uploads\/2025\/05\/cineforum-cortometrajes-goya-cullar-vega-724x1024-1.png\" alt=\"\" class=\"wp-image-22041\" srcset=\"https:\/\/cullarvega.com\/casa-cultura\/wp-content\/uploads\/2025\/05\/cineforum-cortometrajes-goya-cullar-vega-724x1024-1.png 724w, https:\/\/cullarvega.com\/casa-cultura\/wp-content\/uploads\/2025\/05\/cineforum-cortometrajes-goya-cullar-vega-724x1024-1-212x300.png 212w, https:\/\/cullarvega.com\/casa-cultura\/wp-content\/uploads\/2025\/05\/cineforum-cortometrajes-goya-cullar-vega-724x1024-1-424x600.png 424w, https:\/\/cullarvega.com\/casa-cultura\/wp-content\/uploads\/2025\/05\/cineforum-cortometrajes-goya-cullar-vega-724x1024-1-396x560.png 396w\" sizes=\"(max-width: 724px) 100vw, 724px\" \/><\/a><\/figure>\n","protected":false},"excerpt":{"rendered":"<p>Dentro de la programaci\u00f3n especial de la entrega de los Premios GOYA que se celebrar\u00e1 en Granada, te invitamos el pr\u00f3ximo jueves 6 de febrero a una tarde \u00fanica e inolvidable con la proyecci\u00f3n de 5 cortometrajes galardonados con el Premio GOYA. Una experiencia donde podr\u00e1s disfrutar del talento, la creatividad y las emociones que [&hellip;]<\/p>\n","protected":false},"author":1,"featured_media":22041,"comment_status":"closed","ping_status":"open","sticky":false,"template":"","format":"standard","meta":{"footnotes":""},"categories":[43],"tags":[],"class_list":["post-22040","post","type-post","status-publish","format-standard","has-post-thumbnail","hentry","category-punto-vuela"],"_links":{"self":[{"href":"https:\/\/cullarvega.com\/casa-cultura\/wp-json\/wp\/v2\/posts\/22040","targetHints":{"allow":["GET"]}}],"collection":[{"href":"https:\/\/cullarvega.com\/casa-cultura\/wp-json\/wp\/v2\/posts"}],"about":[{"href":"https:\/\/cullarvega.com\/casa-cultura\/wp-json\/wp\/v2\/types\/post"}],"author":[{"embeddable":true,"href":"https:\/\/cullarvega.com\/casa-cultura\/wp-json\/wp\/v2\/users\/1"}],"replies":[{"embeddable":true,"href":"https:\/\/cullarvega.com\/casa-cultura\/wp-json\/wp\/v2\/comments?post=22040"}],"version-history":[{"count":1,"href":"https:\/\/cullarvega.com\/casa-cultura\/wp-json\/wp\/v2\/posts\/22040\/revisions"}],"predecessor-version":[{"id":22042,"href":"https:\/\/cullarvega.com\/casa-cultura\/wp-json\/wp\/v2\/posts\/22040\/revisions\/22042"}],"wp:featuredmedia":[{"embeddable":true,"href":"https:\/\/cullarvega.com\/casa-cultura\/wp-json\/wp\/v2\/media\/22041"}],"wp:attachment":[{"href":"https:\/\/cullarvega.com\/casa-cultura\/wp-json\/wp\/v2\/media?parent=22040"}],"wp:term":[{"taxonomy":"category","embeddable":true,"href":"https:\/\/cullarvega.com\/casa-cultura\/wp-json\/wp\/v2\/categories?post=22040"},{"taxonomy":"post_tag","embeddable":true,"href":"https:\/\/cullarvega.com\/casa-cultura\/wp-json\/wp\/v2\/tags?post=22040"}],"curies":[{"name":"wp","href":"https:\/\/api.w.org\/{rel}","templated":true}]}}