{"id":22035,"date":"2025-02-07T17:41:00","date_gmt":"2025-02-07T15:41:00","guid":{"rendered":"https:\/\/cullarvega.com\/casa-cultura\/?p=22035"},"modified":"2025-05-08T17:42:50","modified_gmt":"2025-05-08T15:42:50","slug":"charla-comunidades-energeticas-desde-la-gente-y-para-la-gente-el-viernes-21-de-febrero","status":"publish","type":"post","link":"https:\/\/cullarvega.com\/casa-cultura\/charla-comunidades-energeticas-desde-la-gente-y-para-la-gente-el-viernes-21-de-febrero\/","title":{"rendered":"Charla Comunidades Energ\u00e9ticas \u00abDesde la Gente y Para la Gente\u00bb el viernes 21 de febrero"},"content":{"rendered":"\n<p>La transici\u00f3n energ\u00e9tica est\u00e1 aqu\u00ed. Pero, <strong>\u00bfes todo lo sostenible, justa y solidaria que queremos?<\/strong> Un modelo alternativo, que cuide a las personas y el territorio, es posible. Las CCEE son una herramienta ciudadana de soberan\u00eda energ\u00e9tica.<\/p>\n\n\n\n<p>\u2013 <strong>D\u00eda<\/strong>: Viernes 21 de febrero de 2025<\/p>\n\n\n\n<p>\u2013 <strong>Hora<\/strong>: 17 h.<\/p>\n\n\n\n<p>\u2013 <strong>Lugar<\/strong>: Casa de la Cultura Aula 1 (Paseo de Jer\u00f3nimo de Rueda s\/)<\/p>\n\n\n\n<p>\u2013 <strong>Charla<\/strong> a cargo de la OSCE \u2013 Oficina Social de la Comunidades Energ\u00e9ticas, en colaboraci\u00f3n con el Ayuntamiento de C\u00fallar Vega y la Asociaci\u00f3n Somos R\u00edo D\u00edlar.<\/p>\n\n\n\n<p>\u2013 <strong>Contacto<\/strong> OSCE: C\/Reina Mora 3, Zaid\u00edn \u2013 613 50 76 83 (L-V 9-15h (tambi\u00e9n Whatsapp)) \u2013 <a href=\"mailto:info@cesocial.es\">info@cesocial.es<\/a> \u2013 <a href=\"https:\/\/cesocial.es\/\" target=\"_blank\" rel=\"noreferrer noopener\">https:\/\/cesocial.es\/<\/a> \u2013 Instagram, Facebook, X(Twitter) @osce2030<\/p>\n\n\n\n<figure class=\"wp-block-image size-full\"><a href=\"https:\/\/cullarvega.com\/casa-cultura\/wp-content\/uploads\/2025\/05\/charla-comunidades-energeticas-desde-la-gente-y-para-la-gente-cullar-vega-724x1024-1.jpeg\"><img fetchpriority=\"high\" decoding=\"async\" width=\"724\" height=\"1024\" src=\"https:\/\/cullarvega.com\/casa-cultura\/wp-content\/uploads\/2025\/05\/charla-comunidades-energeticas-desde-la-gente-y-para-la-gente-cullar-vega-724x1024-1.jpeg\" alt=\"\" class=\"wp-image-22036\" srcset=\"https:\/\/cullarvega.com\/casa-cultura\/wp-content\/uploads\/2025\/05\/charla-comunidades-energeticas-desde-la-gente-y-para-la-gente-cullar-vega-724x1024-1.jpeg 724w, https:\/\/cullarvega.com\/casa-cultura\/wp-content\/uploads\/2025\/05\/charla-comunidades-energeticas-desde-la-gente-y-para-la-gente-cullar-vega-724x1024-1-212x300.jpeg 212w, https:\/\/cullarvega.com\/casa-cultura\/wp-content\/uploads\/2025\/05\/charla-comunidades-energeticas-desde-la-gente-y-para-la-gente-cullar-vega-724x1024-1-424x600.jpeg 424w, https:\/\/cullarvega.com\/casa-cultura\/wp-content\/uploads\/2025\/05\/charla-comunidades-energeticas-desde-la-gente-y-para-la-gente-cullar-vega-724x1024-1-396x560.jpeg 396w\" sizes=\"(max-width: 724px) 100vw, 724px\" \/><\/a><\/figure>\n","protected":false},"excerpt":{"rendered":"<p>La transici\u00f3n energ\u00e9tica est\u00e1 aqu\u00ed. Pero, \u00bfes todo lo sostenible, justa y solidaria que queremos? Un modelo alternativo, que cuide a las personas y el territorio, es posible. Las CCEE son una herramienta ciudadana de soberan\u00eda energ\u00e9tica. \u2013 D\u00eda: Viernes 21 de febrero de 2025 \u2013 Hora: 17 h. \u2013 Lugar: Casa de la Cultura [&hellip;]<\/p>\n","protected":false},"author":1,"featured_media":22036,"comment_status":"closed","ping_status":"open","sticky":false,"template":"","format":"standard","meta":{"footnotes":""},"categories":[176],"tags":[],"class_list":["post-22035","post","type-post","status-publish","format-standard","has-post-thumbnail","hentry","category-formacion"],"_links":{"self":[{"href":"https:\/\/cullarvega.com\/casa-cultura\/wp-json\/wp\/v2\/posts\/22035","targetHints":{"allow":["GET"]}}],"collection":[{"href":"https:\/\/cullarvega.com\/casa-cultura\/wp-json\/wp\/v2\/posts"}],"about":[{"href":"https:\/\/cullarvega.com\/casa-cultura\/wp-json\/wp\/v2\/types\/post"}],"author":[{"embeddable":true,"href":"https:\/\/cullarvega.com\/casa-cultura\/wp-json\/wp\/v2\/users\/1"}],"replies":[{"embeddable":true,"href":"https:\/\/cullarvega.com\/casa-cultura\/wp-json\/wp\/v2\/comments?post=22035"}],"version-history":[{"count":1,"href":"https:\/\/cullarvega.com\/casa-cultura\/wp-json\/wp\/v2\/posts\/22035\/revisions"}],"predecessor-version":[{"id":22037,"href":"https:\/\/cullarvega.com\/casa-cultura\/wp-json\/wp\/v2\/posts\/22035\/revisions\/22037"}],"wp:featuredmedia":[{"embeddable":true,"href":"https:\/\/cullarvega.com\/casa-cultura\/wp-json\/wp\/v2\/media\/22036"}],"wp:attachment":[{"href":"https:\/\/cullarvega.com\/casa-cultura\/wp-json\/wp\/v2\/media?parent=22035"}],"wp:term":[{"taxonomy":"category","embeddable":true,"href":"https:\/\/cullarvega.com\/casa-cultura\/wp-json\/wp\/v2\/categories?post=22035"},{"taxonomy":"post_tag","embeddable":true,"href":"https:\/\/cullarvega.com\/casa-cultura\/wp-json\/wp\/v2\/tags?post=22035"}],"curies":[{"name":"wp","href":"https:\/\/api.w.org\/{rel}","templated":true}]}}