{"id":22032,"date":"2025-02-10T17:37:00","date_gmt":"2025-02-10T15:37:00","guid":{"rendered":"https:\/\/cullarvega.com\/casa-cultura\/?p=22032"},"modified":"2025-05-09T12:59:16","modified_gmt":"2025-05-09T10:59:16","slug":"el-espectaculo-infantil-chiqui-clan-llega-a-cullar-vega-el-23-de-marzo","status":"publish","type":"post","link":"https:\/\/cullarvega.com\/casa-cultura\/el-espectaculo-infantil-chiqui-clan-llega-a-cullar-vega-el-23-de-marzo\/","title":{"rendered":"El espect\u00e1culo infantil \u2018Chiqui-Clan\u2019 llega a C\u00fallar Vega el 23 de marzo"},"content":{"rendered":"\n<p><strong>C\u00fallar Vega se prepara para recibir el espect\u00e1culo infantil m\u00e1s viral del momento: \u2018Chiqui-Clan\u2019<\/strong>. El evento, que reunir\u00e1 a los personajes y canciones m\u00e1s queridos por los ni\u00f1os, tendr\u00e1 lugar el pr\u00f3ximo <strong>23 de marzo a las 12:00 h en el Teatro Municipal<\/strong>, con un espect\u00e1culo lleno de m\u00fasica, baile y diversi\u00f3n para toda la familia.<\/p>\n\n\n\n<p>Las entradas ya est\u00e1n a la venta en la web <a href=\"https:\/\/www.dentralia.com\/evento\/Ma6AXIzI6xEWbgpNJ4Ad\">https:\/\/www.dentralia.com\/evento\/Ma6AXIzI6xEWbgpNJ4Ad<\/a> y de forma presencial en <strong>Lazos Chupes (C\/ Pablo Picasso, C\u00fallar Vega)<\/strong>. Para m\u00e1s informaci\u00f3n, los interesados pueden contactar en el tel\u00e9fono <strong>646 313 442<\/strong>, disponible los martes y jueves de 10:00 a 12:00 h.<\/p>\n\n\n\n<p>A\u00f1ade este <strong>evento<\/strong> al <strong>calendario<\/strong> de tu m\u00f3vil pulsando en <a href=\"https:\/\/calendar.app.google\/UFXi22fUWvsxTzC96\" target=\"_blank\" rel=\"noreferrer noopener\">https:\/\/calendar.app.google\/UFXi22fUWvsxTzC96<\/a><\/p>\n\n\n\n<p>\u00a1No te quedes sin tu entrada y ven a vivir la magia de <strong>Chiqui-Clan<\/strong> en C\u00fallar Vega!<\/p>\n\n\n\n<figure class=\"wp-block-image size-full\"><a href=\"https:\/\/cullarvega.com\/casa-cultura\/wp-content\/uploads\/2025\/05\/chiqui-clan-cullar-vega-724x1024-1.jpeg\"><img fetchpriority=\"high\" decoding=\"async\" width=\"724\" height=\"1024\" src=\"https:\/\/cullarvega.com\/casa-cultura\/wp-content\/uploads\/2025\/05\/chiqui-clan-cullar-vega-724x1024-1.jpeg\" alt=\"\" class=\"wp-image-22033\" srcset=\"https:\/\/cullarvega.com\/casa-cultura\/wp-content\/uploads\/2025\/05\/chiqui-clan-cullar-vega-724x1024-1.jpeg 724w, https:\/\/cullarvega.com\/casa-cultura\/wp-content\/uploads\/2025\/05\/chiqui-clan-cullar-vega-724x1024-1-212x300.jpeg 212w, https:\/\/cullarvega.com\/casa-cultura\/wp-content\/uploads\/2025\/05\/chiqui-clan-cullar-vega-724x1024-1-424x600.jpeg 424w, https:\/\/cullarvega.com\/casa-cultura\/wp-content\/uploads\/2025\/05\/chiqui-clan-cullar-vega-724x1024-1-396x560.jpeg 396w\" sizes=\"(max-width: 724px) 100vw, 724px\" \/><\/a><\/figure>\n","protected":false},"excerpt":{"rendered":"<p>C\u00fallar Vega se prepara para recibir el espect\u00e1culo infantil m\u00e1s viral del momento: \u2018Chiqui-Clan\u2019. El evento, que reunir\u00e1 a los personajes y canciones m\u00e1s queridos por los ni\u00f1os, tendr\u00e1 lugar el pr\u00f3ximo 23 de marzo a las 12:00 h en el Teatro Municipal, con un espect\u00e1culo lleno de m\u00fasica, baile y diversi\u00f3n para toda la [&hellip;]<\/p>\n","protected":false},"author":1,"featured_media":22033,"comment_status":"closed","ping_status":"open","sticky":false,"template":"","format":"standard","meta":{"footnotes":""},"categories":[175],"tags":[],"class_list":["post-22032","post","type-post","status-publish","format-standard","has-post-thumbnail","hentry","category-teatro"],"_links":{"self":[{"href":"https:\/\/cullarvega.com\/casa-cultura\/wp-json\/wp\/v2\/posts\/22032","targetHints":{"allow":["GET"]}}],"collection":[{"href":"https:\/\/cullarvega.com\/casa-cultura\/wp-json\/wp\/v2\/posts"}],"about":[{"href":"https:\/\/cullarvega.com\/casa-cultura\/wp-json\/wp\/v2\/types\/post"}],"author":[{"embeddable":true,"href":"https:\/\/cullarvega.com\/casa-cultura\/wp-json\/wp\/v2\/users\/1"}],"replies":[{"embeddable":true,"href":"https:\/\/cullarvega.com\/casa-cultura\/wp-json\/wp\/v2\/comments?post=22032"}],"version-history":[{"count":1,"href":"https:\/\/cullarvega.com\/casa-cultura\/wp-json\/wp\/v2\/posts\/22032\/revisions"}],"predecessor-version":[{"id":22034,"href":"https:\/\/cullarvega.com\/casa-cultura\/wp-json\/wp\/v2\/posts\/22032\/revisions\/22034"}],"wp:featuredmedia":[{"embeddable":true,"href":"https:\/\/cullarvega.com\/casa-cultura\/wp-json\/wp\/v2\/media\/22033"}],"wp:attachment":[{"href":"https:\/\/cullarvega.com\/casa-cultura\/wp-json\/wp\/v2\/media?parent=22032"}],"wp:term":[{"taxonomy":"category","embeddable":true,"href":"https:\/\/cullarvega.com\/casa-cultura\/wp-json\/wp\/v2\/categories?post=22032"},{"taxonomy":"post_tag","embeddable":true,"href":"https:\/\/cullarvega.com\/casa-cultura\/wp-json\/wp\/v2\/tags?post=22032"}],"curies":[{"name":"wp","href":"https:\/\/api.w.org\/{rel}","templated":true}]}}