{"id":22029,"date":"2025-02-18T17:33:00","date_gmt":"2025-02-18T15:33:00","guid":{"rendered":"https:\/\/cullarvega.com\/casa-cultura\/?p=22029"},"modified":"2025-05-08T17:37:51","modified_gmt":"2025-05-08T15:37:51","slug":"la-compania-cuarto-impresionista-del-ies-arabuleila-presenta-la-obra-el-salon-de-paris-en-cullar-vega","status":"publish","type":"post","link":"https:\/\/cullarvega.com\/casa-cultura\/la-compania-cuarto-impresionista-del-ies-arabuleila-presenta-la-obra-el-salon-de-paris-en-cullar-vega\/","title":{"rendered":"La compa\u00f1\u00eda Cuarto Impresionista del IES Arabuleila, presenta la obra \u00abEl Sal\u00f3n de Par\u00eds\u00bb en C\u00fallar Vega"},"content":{"rendered":"\n<p>El grupo de teatro <strong>Cuarto Impresionista<\/strong>, integrado por alumnos y alumnas del <strong>IES Arabuleila de C\u00fallar Vega<\/strong>, presentar\u00e1 su obra <strong>\u00abEl Sal\u00f3n de Par\u00eds\u00bb<\/strong>, bajo la direcci\u00f3n de su profesor <strong>Juan Jes\u00fas Pleguezuelos<\/strong>, el pr\u00f3ximo <strong>mi\u00e9rcoles 26 de febrero <\/strong>a las <strong>18:30 horas<\/strong> en el <strong>Teatro <\/strong>de la <strong>Casa de la Cultura<\/strong> de C\u00fallar Vega.<\/p>\n\n\n\n<p>La entrada es gratuita hasta completar aforo.<\/p>\n\n\n\n<figure class=\"wp-block-image size-full\"><a href=\"https:\/\/cullarvega.com\/casa-cultura\/wp-content\/uploads\/2025\/05\/cuarto-impresionista-salon-de-paris-teatro-724x1024-1.jpeg\"><img fetchpriority=\"high\" decoding=\"async\" width=\"724\" height=\"1024\" src=\"https:\/\/cullarvega.com\/casa-cultura\/wp-content\/uploads\/2025\/05\/cuarto-impresionista-salon-de-paris-teatro-724x1024-1.jpeg\" alt=\"\" class=\"wp-image-22030\" srcset=\"https:\/\/cullarvega.com\/casa-cultura\/wp-content\/uploads\/2025\/05\/cuarto-impresionista-salon-de-paris-teatro-724x1024-1.jpeg 724w, https:\/\/cullarvega.com\/casa-cultura\/wp-content\/uploads\/2025\/05\/cuarto-impresionista-salon-de-paris-teatro-724x1024-1-212x300.jpeg 212w, https:\/\/cullarvega.com\/casa-cultura\/wp-content\/uploads\/2025\/05\/cuarto-impresionista-salon-de-paris-teatro-724x1024-1-424x600.jpeg 424w, https:\/\/cullarvega.com\/casa-cultura\/wp-content\/uploads\/2025\/05\/cuarto-impresionista-salon-de-paris-teatro-724x1024-1-396x560.jpeg 396w\" sizes=\"(max-width: 724px) 100vw, 724px\" \/><\/a><\/figure>\n","protected":false},"excerpt":{"rendered":"<p>El grupo de teatro Cuarto Impresionista, integrado por alumnos y alumnas del IES Arabuleila de C\u00fallar Vega, presentar\u00e1 su obra \u00abEl Sal\u00f3n de Par\u00eds\u00bb, bajo la direcci\u00f3n de su profesor Juan Jes\u00fas Pleguezuelos, el pr\u00f3ximo mi\u00e9rcoles 26 de febrero a las 18:30 horas en el Teatro de la Casa de la Cultura de C\u00fallar Vega. [&hellip;]<\/p>\n","protected":false},"author":1,"featured_media":22030,"comment_status":"closed","ping_status":"open","sticky":false,"template":"","format":"standard","meta":{"footnotes":""},"categories":[1,175],"tags":[],"class_list":["post-22029","post","type-post","status-publish","format-standard","has-post-thumbnail","hentry","category-actualidad","category-teatro"],"_links":{"self":[{"href":"https:\/\/cullarvega.com\/casa-cultura\/wp-json\/wp\/v2\/posts\/22029","targetHints":{"allow":["GET"]}}],"collection":[{"href":"https:\/\/cullarvega.com\/casa-cultura\/wp-json\/wp\/v2\/posts"}],"about":[{"href":"https:\/\/cullarvega.com\/casa-cultura\/wp-json\/wp\/v2\/types\/post"}],"author":[{"embeddable":true,"href":"https:\/\/cullarvega.com\/casa-cultura\/wp-json\/wp\/v2\/users\/1"}],"replies":[{"embeddable":true,"href":"https:\/\/cullarvega.com\/casa-cultura\/wp-json\/wp\/v2\/comments?post=22029"}],"version-history":[{"count":1,"href":"https:\/\/cullarvega.com\/casa-cultura\/wp-json\/wp\/v2\/posts\/22029\/revisions"}],"predecessor-version":[{"id":22031,"href":"https:\/\/cullarvega.com\/casa-cultura\/wp-json\/wp\/v2\/posts\/22029\/revisions\/22031"}],"wp:featuredmedia":[{"embeddable":true,"href":"https:\/\/cullarvega.com\/casa-cultura\/wp-json\/wp\/v2\/media\/22030"}],"wp:attachment":[{"href":"https:\/\/cullarvega.com\/casa-cultura\/wp-json\/wp\/v2\/media?parent=22029"}],"wp:term":[{"taxonomy":"category","embeddable":true,"href":"https:\/\/cullarvega.com\/casa-cultura\/wp-json\/wp\/v2\/categories?post=22029"},{"taxonomy":"post_tag","embeddable":true,"href":"https:\/\/cullarvega.com\/casa-cultura\/wp-json\/wp\/v2\/tags?post=22029"}],"curies":[{"name":"wp","href":"https:\/\/api.w.org\/{rel}","templated":true}]}}