{"id":22026,"date":"2025-03-03T17:26:00","date_gmt":"2025-03-03T15:26:00","guid":{"rendered":"https:\/\/cullarvega.com\/casa-cultura\/?p=22026"},"modified":"2025-05-08T17:38:28","modified_gmt":"2025-05-08T15:38:28","slug":"presentacion-del-libro-la-era-de-los-ultimos-propositos-en-cullar-vega","status":"publish","type":"post","link":"https:\/\/cullarvega.com\/casa-cultura\/presentacion-del-libro-la-era-de-los-ultimos-propositos-en-cullar-vega\/","title":{"rendered":"Presentaci\u00f3n del libro \u00abLa era de los \u00faltimos prop\u00f3sitos\u00bb en C\u00fallar Vega"},"content":{"rendered":"\n<p>La Biblioteca P\u00fablica Municipal de C\u00fallar Vega acoger\u00e1 el pr\u00f3ximo lunes 10 de marzo a las 19:00 horas la presentaci\u00f3n del libro \u00ab<em>La era de los \u00faltimos prop\u00f3sitos<\/em>\u00ab, de la escritora <strong>Bego\u00f1a Callej\u00f3n<\/strong>.<\/p>\n\n\n\n<p>El evento contar\u00e1 con un encuentro literario en el que la autora conversar\u00e1 sobre su obra junto al escritor <strong>Rub\u00e9n Mart\u00edn<\/strong>. Ser\u00e1 una oportunidad \u00fanica para los amantes de la literatura de descubrir los detalles de esta publicaci\u00f3n y dialogar con la autora.<\/p>\n\n\n\n<p>La cita tendr\u00e1 lugar en la Biblioteca P\u00fablica Municipal de C\u00fallar Vega, situada en P. Ger\u00f3nimo de Rueda, s\/n.<\/p>\n\n\n\n<p>La entrada es libre hasta completar aforo.<\/p>\n\n\n\n<figure class=\"wp-block-image size-full\"><a href=\"https:\/\/cullarvega.com\/casa-cultura\/wp-content\/uploads\/2025\/05\/1000445219-819x1024-1.jpg\"><img fetchpriority=\"high\" decoding=\"async\" width=\"819\" height=\"1024\" src=\"https:\/\/cullarvega.com\/casa-cultura\/wp-content\/uploads\/2025\/05\/1000445219-819x1024-1.jpg\" alt=\"\" class=\"wp-image-22027\" srcset=\"https:\/\/cullarvega.com\/casa-cultura\/wp-content\/uploads\/2025\/05\/1000445219-819x1024-1.jpg 819w, https:\/\/cullarvega.com\/casa-cultura\/wp-content\/uploads\/2025\/05\/1000445219-819x1024-1-240x300.jpg 240w, https:\/\/cullarvega.com\/casa-cultura\/wp-content\/uploads\/2025\/05\/1000445219-819x1024-1-768x960.jpg 768w, https:\/\/cullarvega.com\/casa-cultura\/wp-content\/uploads\/2025\/05\/1000445219-819x1024-1-480x600.jpg 480w, https:\/\/cullarvega.com\/casa-cultura\/wp-content\/uploads\/2025\/05\/1000445219-819x1024-1-448x560.jpg 448w\" sizes=\"(max-width: 819px) 100vw, 819px\" \/><\/a><\/figure>\n","protected":false},"excerpt":{"rendered":"<p>La Biblioteca P\u00fablica Municipal de C\u00fallar Vega acoger\u00e1 el pr\u00f3ximo lunes 10 de marzo a las 19:00 horas la presentaci\u00f3n del libro \u00abLa era de los \u00faltimos prop\u00f3sitos\u00ab, de la escritora Bego\u00f1a Callej\u00f3n. El evento contar\u00e1 con un encuentro literario en el que la autora conversar\u00e1 sobre su obra junto al escritor Rub\u00e9n Mart\u00edn. Ser\u00e1 [&hellip;]<\/p>\n","protected":false},"author":1,"featured_media":22027,"comment_status":"closed","ping_status":"open","sticky":false,"template":"","format":"standard","meta":{"footnotes":""},"categories":[1,41],"tags":[],"class_list":["post-22026","post","type-post","status-publish","format-standard","has-post-thumbnail","hentry","category-actualidad","category-biblioteca"],"_links":{"self":[{"href":"https:\/\/cullarvega.com\/casa-cultura\/wp-json\/wp\/v2\/posts\/22026","targetHints":{"allow":["GET"]}}],"collection":[{"href":"https:\/\/cullarvega.com\/casa-cultura\/wp-json\/wp\/v2\/posts"}],"about":[{"href":"https:\/\/cullarvega.com\/casa-cultura\/wp-json\/wp\/v2\/types\/post"}],"author":[{"embeddable":true,"href":"https:\/\/cullarvega.com\/casa-cultura\/wp-json\/wp\/v2\/users\/1"}],"replies":[{"embeddable":true,"href":"https:\/\/cullarvega.com\/casa-cultura\/wp-json\/wp\/v2\/comments?post=22026"}],"version-history":[{"count":1,"href":"https:\/\/cullarvega.com\/casa-cultura\/wp-json\/wp\/v2\/posts\/22026\/revisions"}],"predecessor-version":[{"id":22028,"href":"https:\/\/cullarvega.com\/casa-cultura\/wp-json\/wp\/v2\/posts\/22026\/revisions\/22028"}],"wp:featuredmedia":[{"embeddable":true,"href":"https:\/\/cullarvega.com\/casa-cultura\/wp-json\/wp\/v2\/media\/22027"}],"wp:attachment":[{"href":"https:\/\/cullarvega.com\/casa-cultura\/wp-json\/wp\/v2\/media?parent=22026"}],"wp:term":[{"taxonomy":"category","embeddable":true,"href":"https:\/\/cullarvega.com\/casa-cultura\/wp-json\/wp\/v2\/categories?post=22026"},{"taxonomy":"post_tag","embeddable":true,"href":"https:\/\/cullarvega.com\/casa-cultura\/wp-json\/wp\/v2\/tags?post=22026"}],"curies":[{"name":"wp","href":"https:\/\/api.w.org\/{rel}","templated":true}]}}