{"id":22023,"date":"2025-03-10T17:22:00","date_gmt":"2025-03-10T15:22:00","guid":{"rendered":"https:\/\/cullarvega.com\/casa-cultura\/?p=22023"},"modified":"2025-05-08T17:39:06","modified_gmt":"2025-05-08T15:39:06","slug":"y-si-julieta-nuevo-espectaculo-musical-de-oniria-en-cullar","status":"publish","type":"post","link":"https:\/\/cullarvega.com\/casa-cultura\/y-si-julieta-nuevo-espectaculo-musical-de-oniria-en-cullar\/","title":{"rendered":"\u00abY si\u2026 Julieta\u00bb nuevo espect\u00e1culo musical de Oniria en C\u00fallar"},"content":{"rendered":"\n<p>El s\u00e1bado 15 y el domingo 16 de marzo, la Casa de la Cultura de <strong>C\u00fallar Vega<\/strong> ser\u00e1 el escenario del musical <strong>\u00abY si\u2026 Julieta\u00bb<\/strong>, obra que reinventa la historia cl\u00e1sica de Shakespeare con una perspectiva feminista y vibrante. \u00bfY si Julieta no hubiera muerto por amor? A ritmo de los mayores \u00e9xitos del pop, esta explosiva comedia musical nos muestra a una Julieta decidida a escribir su propio destino.<\/p>\n\n\n\n<p>\u2013 <strong>Fechas<\/strong>: S\u00e1bado 15 y Domingo 16 de marzo<\/p>\n\n\n\n<p>\u2013 <strong>Hora<\/strong>: 19:00 h<\/p>\n\n\n\n<p>\u2013 <strong>Entrada<\/strong>: 6 \u20ac<\/p>\n\n\n\n<p>\u2013 <strong>Lugar<\/strong>: Casa de la Cultura, C\u00fallar Vega<\/p>\n\n\n\n<p>\u2013 <strong>Venta de entradas<\/strong>: Lunes, martes y mi\u00e9rcoles por la ma\u00f1ana en el Ayuntamiento (9 a 13:30 h.) y mi\u00e9rcoles y viernes por la tarde en la Casa de la Cultura (17 a 20:30 h)<\/p>\n\n\n\n<p>Una producci\u00f3n de <strong>Oniria Artes Esc\u00e9nicas<\/strong>, donde la m\u00fasica, el baile y el teatro se unen para ofrecer una experiencia inolvidable<\/p>\n\n\n\n<figure class=\"wp-block-image size-large\"><a href=\"https:\/\/cullarvega.com\/casa-cultura\/wp-content\/uploads\/2025\/05\/y-si-julieta-domingo-16-marzo-cullar-vega-oniria.jpeg\"><img fetchpriority=\"high\" decoding=\"async\" width=\"1024\" height=\"724\" src=\"https:\/\/cullarvega.com\/casa-cultura\/wp-content\/uploads\/2025\/05\/y-si-julieta-domingo-16-marzo-cullar-vega-oniria-1024x724.jpeg\" alt=\"\" class=\"wp-image-22024\" srcset=\"https:\/\/cullarvega.com\/casa-cultura\/wp-content\/uploads\/2025\/05\/y-si-julieta-domingo-16-marzo-cullar-vega-oniria-1024x724.jpeg 1024w, https:\/\/cullarvega.com\/casa-cultura\/wp-content\/uploads\/2025\/05\/y-si-julieta-domingo-16-marzo-cullar-vega-oniria-300x212.jpeg 300w, https:\/\/cullarvega.com\/casa-cultura\/wp-content\/uploads\/2025\/05\/y-si-julieta-domingo-16-marzo-cullar-vega-oniria-768x543.jpeg 768w, https:\/\/cullarvega.com\/casa-cultura\/wp-content\/uploads\/2025\/05\/y-si-julieta-domingo-16-marzo-cullar-vega-oniria-1536x1086.jpeg 1536w, https:\/\/cullarvega.com\/casa-cultura\/wp-content\/uploads\/2025\/05\/y-si-julieta-domingo-16-marzo-cullar-vega-oniria-600x424.jpeg 600w, https:\/\/cullarvega.com\/casa-cultura\/wp-content\/uploads\/2025\/05\/y-si-julieta-domingo-16-marzo-cullar-vega-oniria-560x396.jpeg 560w, https:\/\/cullarvega.com\/casa-cultura\/wp-content\/uploads\/2025\/05\/y-si-julieta-domingo-16-marzo-cullar-vega-oniria.jpeg 1600w\" sizes=\"(max-width: 1024px) 100vw, 1024px\" \/><\/a><\/figure>\n\n\n\n<p><\/p>\n","protected":false},"excerpt":{"rendered":"<p>El s\u00e1bado 15 y el domingo 16 de marzo, la Casa de la Cultura de C\u00fallar Vega ser\u00e1 el escenario del musical \u00abY si\u2026 Julieta\u00bb, obra que reinventa la historia cl\u00e1sica de Shakespeare con una perspectiva feminista y vibrante. \u00bfY si Julieta no hubiera muerto por amor? A ritmo de los mayores \u00e9xitos del pop, [&hellip;]<\/p>\n","protected":false},"author":1,"featured_media":22024,"comment_status":"closed","ping_status":"open","sticky":false,"template":"","format":"standard","meta":{"footnotes":""},"categories":[1,175],"tags":[],"class_list":["post-22023","post","type-post","status-publish","format-standard","has-post-thumbnail","hentry","category-actualidad","category-teatro"],"_links":{"self":[{"href":"https:\/\/cullarvega.com\/casa-cultura\/wp-json\/wp\/v2\/posts\/22023","targetHints":{"allow":["GET"]}}],"collection":[{"href":"https:\/\/cullarvega.com\/casa-cultura\/wp-json\/wp\/v2\/posts"}],"about":[{"href":"https:\/\/cullarvega.com\/casa-cultura\/wp-json\/wp\/v2\/types\/post"}],"author":[{"embeddable":true,"href":"https:\/\/cullarvega.com\/casa-cultura\/wp-json\/wp\/v2\/users\/1"}],"replies":[{"embeddable":true,"href":"https:\/\/cullarvega.com\/casa-cultura\/wp-json\/wp\/v2\/comments?post=22023"}],"version-history":[{"count":1,"href":"https:\/\/cullarvega.com\/casa-cultura\/wp-json\/wp\/v2\/posts\/22023\/revisions"}],"predecessor-version":[{"id":22025,"href":"https:\/\/cullarvega.com\/casa-cultura\/wp-json\/wp\/v2\/posts\/22023\/revisions\/22025"}],"wp:featuredmedia":[{"embeddable":true,"href":"https:\/\/cullarvega.com\/casa-cultura\/wp-json\/wp\/v2\/media\/22024"}],"wp:attachment":[{"href":"https:\/\/cullarvega.com\/casa-cultura\/wp-json\/wp\/v2\/media?parent=22023"}],"wp:term":[{"taxonomy":"category","embeddable":true,"href":"https:\/\/cullarvega.com\/casa-cultura\/wp-json\/wp\/v2\/categories?post=22023"},{"taxonomy":"post_tag","embeddable":true,"href":"https:\/\/cullarvega.com\/casa-cultura\/wp-json\/wp\/v2\/tags?post=22023"}],"curies":[{"name":"wp","href":"https:\/\/api.w.org\/{rel}","templated":true}]}}