{"id":22020,"date":"2025-03-12T17:20:00","date_gmt":"2025-03-12T15:20:00","guid":{"rendered":"https:\/\/cullarvega.com\/casa-cultura\/?p=22020"},"modified":"2025-05-08T17:40:06","modified_gmt":"2025-05-08T15:40:06","slug":"taller-emocionate-un-espacio-para-el-autoexpresion-y-liberacion-de-tensiones","status":"publish","type":"post","link":"https:\/\/cullarvega.com\/casa-cultura\/taller-emocionate-un-espacio-para-el-autoexpresion-y-liberacion-de-tensiones\/","title":{"rendered":"Taller \u00abEmoci\u00f3nate\u00bb: un espacio para el autoexpresi\u00f3n y liberaci\u00f3n de tensiones"},"content":{"rendered":"\n<p>El pr\u00f3ximo mi\u00e9rcoles 19 de marzo, de 17:00 a 20:00 h, la Casa de la Cultura de C\u00fallar Vega acoger\u00e1 el taller \u00ab<strong>Emoci\u00f3nate<\/strong>\u00ab, una actividad dise\u00f1ada para explorar el mundo emocional y fomentar la autoexpresi\u00f3n y la liberaci\u00f3n de tensiones.<\/p>\n\n\n\n<p>A trav\u00e9s de herramientas como la <strong>atenci\u00f3n plena, la actividad f\u00edsica suave y din\u00e1micas grupales<\/strong>, las participantes podr\u00e1n profundizar en su bienestar emocional y fortalecer sus habilidades de gesti\u00f3n de emociones.<\/p>\n\n\n\n<p>El taller est\u00e1 dirigido a todas las mujeres interesadas y tendr\u00e1 lugar en la Sala de Exposiciones de la Casa de la Cultura.<\/p>\n\n\n\n<p>Dado que el aforo es limitado, las inscripciones estar\u00e1n abiertas hasta el 18 de marzo, y podr\u00e1n realizarse a trav\u00e9s del tel\u00e9fono 958 574 133 o de manera presencial en el Centro Municipal de Informaci\u00f3n a la Mujer.<\/p>\n\n\n\n<figure class=\"wp-block-image size-full\"><a href=\"https:\/\/cullarvega.com\/casa-cultura\/wp-content\/uploads\/2025\/05\/cartel-taller-emocionate-716x1024-1.jpeg\"><img fetchpriority=\"high\" decoding=\"async\" width=\"716\" height=\"1024\" src=\"https:\/\/cullarvega.com\/casa-cultura\/wp-content\/uploads\/2025\/05\/cartel-taller-emocionate-716x1024-1.jpeg\" alt=\"\" class=\"wp-image-22021\" srcset=\"https:\/\/cullarvega.com\/casa-cultura\/wp-content\/uploads\/2025\/05\/cartel-taller-emocionate-716x1024-1.jpeg 716w, https:\/\/cullarvega.com\/casa-cultura\/wp-content\/uploads\/2025\/05\/cartel-taller-emocionate-716x1024-1-210x300.jpeg 210w, https:\/\/cullarvega.com\/casa-cultura\/wp-content\/uploads\/2025\/05\/cartel-taller-emocionate-716x1024-1-420x600.jpeg 420w, https:\/\/cullarvega.com\/casa-cultura\/wp-content\/uploads\/2025\/05\/cartel-taller-emocionate-716x1024-1-392x560.jpeg 392w\" sizes=\"(max-width: 716px) 100vw, 716px\" \/><\/a><\/figure>\n","protected":false},"excerpt":{"rendered":"<p>El pr\u00f3ximo mi\u00e9rcoles 19 de marzo, de 17:00 a 20:00 h, la Casa de la Cultura de C\u00fallar Vega acoger\u00e1 el taller \u00abEmoci\u00f3nate\u00ab, una actividad dise\u00f1ada para explorar el mundo emocional y fomentar la autoexpresi\u00f3n y la liberaci\u00f3n de tensiones. A trav\u00e9s de herramientas como la atenci\u00f3n plena, la actividad f\u00edsica suave y din\u00e1micas grupales, [&hellip;]<\/p>\n","protected":false},"author":1,"featured_media":22021,"comment_status":"closed","ping_status":"open","sticky":false,"template":"","format":"standard","meta":{"footnotes":""},"categories":[1,118],"tags":[],"class_list":["post-22020","post","type-post","status-publish","format-standard","has-post-thumbnail","hentry","category-actualidad","category-sala-exposiciones"],"_links":{"self":[{"href":"https:\/\/cullarvega.com\/casa-cultura\/wp-json\/wp\/v2\/posts\/22020","targetHints":{"allow":["GET"]}}],"collection":[{"href":"https:\/\/cullarvega.com\/casa-cultura\/wp-json\/wp\/v2\/posts"}],"about":[{"href":"https:\/\/cullarvega.com\/casa-cultura\/wp-json\/wp\/v2\/types\/post"}],"author":[{"embeddable":true,"href":"https:\/\/cullarvega.com\/casa-cultura\/wp-json\/wp\/v2\/users\/1"}],"replies":[{"embeddable":true,"href":"https:\/\/cullarvega.com\/casa-cultura\/wp-json\/wp\/v2\/comments?post=22020"}],"version-history":[{"count":1,"href":"https:\/\/cullarvega.com\/casa-cultura\/wp-json\/wp\/v2\/posts\/22020\/revisions"}],"predecessor-version":[{"id":22022,"href":"https:\/\/cullarvega.com\/casa-cultura\/wp-json\/wp\/v2\/posts\/22020\/revisions\/22022"}],"wp:featuredmedia":[{"embeddable":true,"href":"https:\/\/cullarvega.com\/casa-cultura\/wp-json\/wp\/v2\/media\/22021"}],"wp:attachment":[{"href":"https:\/\/cullarvega.com\/casa-cultura\/wp-json\/wp\/v2\/media?parent=22020"}],"wp:term":[{"taxonomy":"category","embeddable":true,"href":"https:\/\/cullarvega.com\/casa-cultura\/wp-json\/wp\/v2\/categories?post=22020"},{"taxonomy":"post_tag","embeddable":true,"href":"https:\/\/cullarvega.com\/casa-cultura\/wp-json\/wp\/v2\/tags?post=22020"}],"curies":[{"name":"wp","href":"https:\/\/api.w.org\/{rel}","templated":true}]}}