{"id":22017,"date":"2025-04-05T15:45:00","date_gmt":"2025-04-05T13:45:00","guid":{"rendered":"https:\/\/cullarvega.com\/casa-cultura\/?p=22017"},"modified":"2025-05-08T17:20:36","modified_gmt":"2025-05-08T15:20:36","slug":"cullar-vega-acoge-la-representacion-de-bodas-de-sangre-de-federico-garcia-lorca","status":"publish","type":"post","link":"https:\/\/cullarvega.com\/casa-cultura\/cullar-vega-acoge-la-representacion-de-bodas-de-sangre-de-federico-garcia-lorca\/","title":{"rendered":"C\u00fallar Vega acoge la representaci\u00f3n de \u00abBodas de Sangre\u00bb de Federico Garc\u00eda Lorca"},"content":{"rendered":"\n<p>El pr\u00f3ximo <strong>5 de abril de 2025<\/strong>, la <strong>Casa de la Cultura de C\u00fallar Vega<\/strong> ser\u00e1 el escenario de la emblem\u00e1tica obra <strong>\u00abBodas de Sangre\u00bb<\/strong> de <strong>Federico Garc\u00eda Lorca<\/strong>. La funci\u00f3n, que dar\u00e1 comienzo a las <strong>20:00 h<\/strong>, y contar\u00e1 con la interpretaci\u00f3n de <strong>Ra\u00fal Ortiz, Elena Abarca, Dina Padilla, Mar\u00eda Cano y Fran Amigo<\/strong>.<\/p>\n\n\n\n<p>Se trata de una adaptaci\u00f3n del cl\u00e1sico de <strong>Federico Garcia Lorca<\/strong> en el que se teje un drama intenso en el que los deseos prohibidos, las viejas rivalidades y el poder del destino, chocan con una boda, que desata pasiones incontrolables. Un paisaje marcado por la tierra y la sangre y unos personajes que luchan contra su naturaleza, dejando a la vista los secretos mas profundos del alma humana.<\/p>\n\n\n\n<p>Un espect\u00e1culo que mezcla <strong>baile<\/strong>, <strong>musica<\/strong>, <strong>performance <\/strong>y la <strong>simbologia<\/strong> <strong>lorquiana<\/strong><\/p>\n\n\n\n<p>Las entradas tienen un precio de <strong>7 euros<\/strong> y pueden adquirirse en el <strong>Ayuntamiento de C\u00fallar Vega<\/strong> o a trav\u00e9s de la plataforma <a href=\"https:\/\/entradium.com\/es\/events\/bodas-de-sangre-cullar-vega\">https:\/\/entradium.com\/es\/events\/bodas-de-sangre-cullar-vega<\/a><\/p>\n\n\n\n<p><strong>A\u00f1\u00e1delo a tu calendario<\/strong> &gt;&gt; <a href=\"https:\/\/calendar.app.google\/5MkaEJ9P3p74Jtqu8\">https:\/\/calendar.app.google\/5MkaEJ9P3p74Jtqu8<\/a><\/p>\n\n\n\n<figure class=\"wp-block-image size-full\"><a href=\"https:\/\/cullarvega.com\/casa-cultura\/wp-content\/uploads\/2025\/05\/bodas-de-sangre-federico-garcia-locar-cullar-vega-724x1024-1.jpeg\"><img fetchpriority=\"high\" decoding=\"async\" width=\"724\" height=\"1024\" src=\"https:\/\/cullarvega.com\/casa-cultura\/wp-content\/uploads\/2025\/05\/bodas-de-sangre-federico-garcia-locar-cullar-vega-724x1024-1.jpeg\" alt=\"\" class=\"wp-image-22018\" srcset=\"https:\/\/cullarvega.com\/casa-cultura\/wp-content\/uploads\/2025\/05\/bodas-de-sangre-federico-garcia-locar-cullar-vega-724x1024-1.jpeg 724w, https:\/\/cullarvega.com\/casa-cultura\/wp-content\/uploads\/2025\/05\/bodas-de-sangre-federico-garcia-locar-cullar-vega-724x1024-1-212x300.jpeg 212w, https:\/\/cullarvega.com\/casa-cultura\/wp-content\/uploads\/2025\/05\/bodas-de-sangre-federico-garcia-locar-cullar-vega-724x1024-1-424x600.jpeg 424w, https:\/\/cullarvega.com\/casa-cultura\/wp-content\/uploads\/2025\/05\/bodas-de-sangre-federico-garcia-locar-cullar-vega-724x1024-1-396x560.jpeg 396w\" sizes=\"(max-width: 724px) 100vw, 724px\" \/><\/a><\/figure>\n","protected":false},"excerpt":{"rendered":"<p>El pr\u00f3ximo 5 de abril de 2025, la Casa de la Cultura de C\u00fallar Vega ser\u00e1 el escenario de la emblem\u00e1tica obra \u00abBodas de Sangre\u00bb de Federico Garc\u00eda Lorca. La funci\u00f3n, que dar\u00e1 comienzo a las 20:00 h, y contar\u00e1 con la interpretaci\u00f3n de Ra\u00fal Ortiz, Elena Abarca, Dina Padilla, Mar\u00eda Cano y Fran Amigo. [&hellip;]<\/p>\n","protected":false},"author":1,"featured_media":22018,"comment_status":"closed","ping_status":"open","sticky":false,"template":"","format":"standard","meta":{"footnotes":""},"categories":[175],"tags":[],"class_list":["post-22017","post","type-post","status-publish","format-standard","has-post-thumbnail","hentry","category-teatro"],"_links":{"self":[{"href":"https:\/\/cullarvega.com\/casa-cultura\/wp-json\/wp\/v2\/posts\/22017","targetHints":{"allow":["GET"]}}],"collection":[{"href":"https:\/\/cullarvega.com\/casa-cultura\/wp-json\/wp\/v2\/posts"}],"about":[{"href":"https:\/\/cullarvega.com\/casa-cultura\/wp-json\/wp\/v2\/types\/post"}],"author":[{"embeddable":true,"href":"https:\/\/cullarvega.com\/casa-cultura\/wp-json\/wp\/v2\/users\/1"}],"replies":[{"embeddable":true,"href":"https:\/\/cullarvega.com\/casa-cultura\/wp-json\/wp\/v2\/comments?post=22017"}],"version-history":[{"count":1,"href":"https:\/\/cullarvega.com\/casa-cultura\/wp-json\/wp\/v2\/posts\/22017\/revisions"}],"predecessor-version":[{"id":22019,"href":"https:\/\/cullarvega.com\/casa-cultura\/wp-json\/wp\/v2\/posts\/22017\/revisions\/22019"}],"wp:featuredmedia":[{"embeddable":true,"href":"https:\/\/cullarvega.com\/casa-cultura\/wp-json\/wp\/v2\/media\/22018"}],"wp:attachment":[{"href":"https:\/\/cullarvega.com\/casa-cultura\/wp-json\/wp\/v2\/media?parent=22017"}],"wp:term":[{"taxonomy":"category","embeddable":true,"href":"https:\/\/cullarvega.com\/casa-cultura\/wp-json\/wp\/v2\/categories?post=22017"},{"taxonomy":"post_tag","embeddable":true,"href":"https:\/\/cullarvega.com\/casa-cultura\/wp-json\/wp\/v2\/tags?post=22017"}],"curies":[{"name":"wp","href":"https:\/\/api.w.org\/{rel}","templated":true}]}}