{"id":22014,"date":"2025-04-10T15:43:00","date_gmt":"2025-04-10T13:43:00","guid":{"rendered":"https:\/\/cullarvega.com\/casa-cultura\/?p=22014"},"modified":"2025-05-08T15:44:50","modified_gmt":"2025-05-08T13:44:50","slug":"concierto-flamenco-en-la-casa-de-la-cultura-de-cullar-vega","status":"publish","type":"post","link":"https:\/\/cullarvega.com\/casa-cultura\/concierto-flamenco-en-la-casa-de-la-cultura-de-cullar-vega\/","title":{"rendered":"Concierto flamenco en la Casa de la Cultura de C\u00fallar Vega"},"content":{"rendered":"\n<p>El pr\u00f3ximo <strong>10 de abril de 2025<\/strong>, el <strong>Auditorio de la Casa de la Cultura de C\u00fallar Vega<\/strong> acoger\u00e1 un extraordinario <strong>concierto flamenco<\/strong>, donde la tradici\u00f3n y la emoci\u00f3n se unir\u00e1n en un espect\u00e1culo \u00fanico.<\/p>\n\n\n\n<p>El evento dar\u00e1 comienzo a las <strong>12:00 h<\/strong> y contar\u00e1 con las destacadas actuaciones de:<br>\u2013 <strong>Juan Jos\u00e9 Le\u00f3n<\/strong> a la guitarra<br>\u2013 <strong>Eva Romo<\/strong> al cante<br>\u2013 <strong>Ruth Gonz\u00e1lez<\/strong> al viol\u00edn<\/p>\n\n\n\n<p>La entrada es <strong>gratuita<\/strong> hasta completar aforo, ofreciendo a los asistentes la oportunidad de disfrutar de un recital de gran calidad en un entorno inmejorable.<\/p>\n\n\n\n<p><strong>Agr\u00e1galo a tu calendario<\/strong>: <a href=\"https:\/\/calendar.app.google\/RsnnF37o5aeUWert7\" target=\"_blank\" rel=\"noreferrer noopener\">https:\/\/calendar.app.google\/RsnnF37o5aeUWert7<\/a><\/p>\n\n\n\n<figure class=\"wp-block-image size-full\"><a href=\"https:\/\/cullarvega.com\/casa-cultura\/wp-content\/uploads\/2025\/05\/concierto-flamenco-cullar-vega-724x1024-1.jpeg\"><img fetchpriority=\"high\" decoding=\"async\" width=\"724\" height=\"1024\" src=\"https:\/\/cullarvega.com\/casa-cultura\/wp-content\/uploads\/2025\/05\/concierto-flamenco-cullar-vega-724x1024-1.jpeg\" alt=\"\" class=\"wp-image-22015\" srcset=\"https:\/\/cullarvega.com\/casa-cultura\/wp-content\/uploads\/2025\/05\/concierto-flamenco-cullar-vega-724x1024-1.jpeg 724w, https:\/\/cullarvega.com\/casa-cultura\/wp-content\/uploads\/2025\/05\/concierto-flamenco-cullar-vega-724x1024-1-212x300.jpeg 212w, https:\/\/cullarvega.com\/casa-cultura\/wp-content\/uploads\/2025\/05\/concierto-flamenco-cullar-vega-724x1024-1-424x600.jpeg 424w, https:\/\/cullarvega.com\/casa-cultura\/wp-content\/uploads\/2025\/05\/concierto-flamenco-cullar-vega-724x1024-1-396x560.jpeg 396w\" sizes=\"(max-width: 724px) 100vw, 724px\" \/><\/a><\/figure>\n","protected":false},"excerpt":{"rendered":"<p>El pr\u00f3ximo 10 de abril de 2025, el Auditorio de la Casa de la Cultura de C\u00fallar Vega acoger\u00e1 un extraordinario concierto flamenco, donde la tradici\u00f3n y la emoci\u00f3n se unir\u00e1n en un espect\u00e1culo \u00fanico. El evento dar\u00e1 comienzo a las 12:00 h y contar\u00e1 con las destacadas actuaciones de:\u2013 Juan Jos\u00e9 Le\u00f3n a la [&hellip;]<\/p>\n","protected":false},"author":1,"featured_media":22015,"comment_status":"closed","ping_status":"open","sticky":false,"template":"","format":"standard","meta":{"footnotes":""},"categories":[175],"tags":[],"class_list":["post-22014","post","type-post","status-publish","format-standard","has-post-thumbnail","hentry","category-teatro"],"_links":{"self":[{"href":"https:\/\/cullarvega.com\/casa-cultura\/wp-json\/wp\/v2\/posts\/22014","targetHints":{"allow":["GET"]}}],"collection":[{"href":"https:\/\/cullarvega.com\/casa-cultura\/wp-json\/wp\/v2\/posts"}],"about":[{"href":"https:\/\/cullarvega.com\/casa-cultura\/wp-json\/wp\/v2\/types\/post"}],"author":[{"embeddable":true,"href":"https:\/\/cullarvega.com\/casa-cultura\/wp-json\/wp\/v2\/users\/1"}],"replies":[{"embeddable":true,"href":"https:\/\/cullarvega.com\/casa-cultura\/wp-json\/wp\/v2\/comments?post=22014"}],"version-history":[{"count":1,"href":"https:\/\/cullarvega.com\/casa-cultura\/wp-json\/wp\/v2\/posts\/22014\/revisions"}],"predecessor-version":[{"id":22016,"href":"https:\/\/cullarvega.com\/casa-cultura\/wp-json\/wp\/v2\/posts\/22014\/revisions\/22016"}],"wp:featuredmedia":[{"embeddable":true,"href":"https:\/\/cullarvega.com\/casa-cultura\/wp-json\/wp\/v2\/media\/22015"}],"wp:attachment":[{"href":"https:\/\/cullarvega.com\/casa-cultura\/wp-json\/wp\/v2\/media?parent=22014"}],"wp:term":[{"taxonomy":"category","embeddable":true,"href":"https:\/\/cullarvega.com\/casa-cultura\/wp-json\/wp\/v2\/categories?post=22014"},{"taxonomy":"post_tag","embeddable":true,"href":"https:\/\/cullarvega.com\/casa-cultura\/wp-json\/wp\/v2\/tags?post=22014"}],"curies":[{"name":"wp","href":"https:\/\/api.w.org\/{rel}","templated":true}]}}