{"id":22007,"date":"2025-04-03T15:39:00","date_gmt":"2025-04-03T13:39:00","guid":{"rendered":"https:\/\/cullarvega.com\/casa-cultura\/?p=22007"},"modified":"2025-05-08T15:41:22","modified_gmt":"2025-05-08T13:41:22","slug":"la-velada-cofrade-de-cullar-vega-celebra-sus-diez-anos-de-vida-en-la-antesala-de-la-semana-santa","status":"publish","type":"post","link":"https:\/\/cullarvega.com\/casa-cultura\/la-velada-cofrade-de-cullar-vega-celebra-sus-diez-anos-de-vida-en-la-antesala-de-la-semana-santa\/","title":{"rendered":"La Velada Cofrade de C\u00fallar Vega celebra sus diez a\u00f1os de vida en la antesala de la Semana Santa"},"content":{"rendered":"\n<h2 class=\"wp-block-heading\">Organizada por la Banda de M\u00fasica \u201cFelipe Moreno\u201d, la Banda Educandos de C\u00fallar Vega y el ayuntamiento, se ha celebrado en la Casa de la Cultura<\/h2>\n\n\n\n<p>La m\u00fasica cofrade ha regresado al municipio granadino de C\u00fallar Vega gracias a la X Velada Cofrade de la localidad, organizada por la Banda de M\u00fasica \u201cFelipe Moreno\u201d de C\u00fallar Vega, la Banda Educandos y la concejal\u00eda de Cultura del Ayuntamiento.<\/p>\n\n\n\n<p>Este evento, que ha cumplido diez a\u00f1os de vida, se ha celebrado en la Casa de la Cultura. La velada cofrade estuvo presentada por el periodista e investigador de la Universidad de Granada \u00c1lvaro Ramos, y en ella actu\u00f3, adem\u00e1s de la Banda de M\u00fasica \u201cFelipe Moreno\u201d, la Banda Educandos de C\u00fallar Vega.<\/p>\n\n\n\n<p>La concejala de Cultura del Ayuntamiento de C\u00fallar Vega, Mari \u00c1ngeles Polo, destaca que esta X Velada Cofrade \u201cha vuelto a ser todo un \u00e9xito de afluencia, reflejo de la gran afici\u00f3n por la Semana Santa que existe en nuestro municipio\u201d.<\/p>\n\n\n\n<p>El alcalde cullero, <strong>Jorge<\/strong> <strong>S\u00e1nchez<\/strong>, agradece a la directiva de la Banda de M\u00fasica \u2018Felipe Moreno\u2019 con su presidente a la cabeza. Francisco Emilio Mart\u00edn Moreno; a los directores Antonio Manuel Garc\u00eda Maroto y Daniel S\u00e1nchez Madrid; al profesorado y a cada uno de los alumnos y alumnas <em>\u201csu gran implicaci\u00f3n porque la cultura siga viva en nuestro municipio y hayamos podido disfrutar de un a\u00f1o m\u00e1s de esta maravillosa Velada Cofrade<\/em>\u201d.<\/p>\n\n\n\n<p>El regidor felicita a la banda cullera <em>\u201cpor el buen momento que est\u00e1 viviendo, siendo reconocida en nuestra provincia y fuera de ella como una de las mejores bandas del panorama andaluz. No en vano, durante la pr\u00f3xima Semana Santa tendr\u00e1n un destacado papel, que los llevar\u00e1 a procesionar tres d\u00edas en Granada capita<\/em>l\u201d.<\/p>\n\n\n\n<figure class=\"wp-block-gallery has-nested-images columns-default is-cropped wp-block-gallery-1 is-layout-flex wp-block-gallery-is-layout-flex\">\n<figure class=\"wp-block-image size-large\"><a href=\"https:\/\/cullarvega.com\/casa-cultura\/wp-content\/uploads\/2025\/05\/x-velada-cofrade-cullar-vega_001-950x1024-2.jpg\"><img fetchpriority=\"high\" decoding=\"async\" width=\"950\" height=\"1024\" data-id=\"22009\" src=\"https:\/\/cullarvega.com\/casa-cultura\/wp-content\/uploads\/2025\/05\/x-velada-cofrade-cullar-vega_001-950x1024-2.jpg\" alt=\"\" class=\"wp-image-22009\" srcset=\"https:\/\/cullarvega.com\/casa-cultura\/wp-content\/uploads\/2025\/05\/x-velada-cofrade-cullar-vega_001-950x1024-2.jpg 950w, https:\/\/cullarvega.com\/casa-cultura\/wp-content\/uploads\/2025\/05\/x-velada-cofrade-cullar-vega_001-950x1024-2-278x300.jpg 278w, https:\/\/cullarvega.com\/casa-cultura\/wp-content\/uploads\/2025\/05\/x-velada-cofrade-cullar-vega_001-950x1024-2-768x828.jpg 768w, https:\/\/cullarvega.com\/casa-cultura\/wp-content\/uploads\/2025\/05\/x-velada-cofrade-cullar-vega_001-950x1024-2-557x600.jpg 557w, https:\/\/cullarvega.com\/casa-cultura\/wp-content\/uploads\/2025\/05\/x-velada-cofrade-cullar-vega_001-950x1024-2-520x560.jpg 520w\" sizes=\"(max-width: 950px) 100vw, 950px\" \/><\/a><\/figure>\n\n\n\n<figure class=\"wp-block-image size-large\"><a href=\"https:\/\/cullarvega.com\/casa-cultura\/wp-content\/uploads\/2025\/05\/x-velada-cofrade-cullar-vega_002-920x1024-1.jpg\"><img decoding=\"async\" width=\"920\" height=\"1024\" data-id=\"22012\" src=\"https:\/\/cullarvega.com\/casa-cultura\/wp-content\/uploads\/2025\/05\/x-velada-cofrade-cullar-vega_002-920x1024-1.jpg\" alt=\"\" class=\"wp-image-22012\" srcset=\"https:\/\/cullarvega.com\/casa-cultura\/wp-content\/uploads\/2025\/05\/x-velada-cofrade-cullar-vega_002-920x1024-1.jpg 920w, https:\/\/cullarvega.com\/casa-cultura\/wp-content\/uploads\/2025\/05\/x-velada-cofrade-cullar-vega_002-920x1024-1-270x300.jpg 270w, https:\/\/cullarvega.com\/casa-cultura\/wp-content\/uploads\/2025\/05\/x-velada-cofrade-cullar-vega_002-920x1024-1-768x855.jpg 768w, https:\/\/cullarvega.com\/casa-cultura\/wp-content\/uploads\/2025\/05\/x-velada-cofrade-cullar-vega_002-920x1024-1-539x600.jpg 539w, https:\/\/cullarvega.com\/casa-cultura\/wp-content\/uploads\/2025\/05\/x-velada-cofrade-cullar-vega_002-920x1024-1-503x560.jpg 503w\" sizes=\"(max-width: 920px) 100vw, 920px\" \/><\/a><\/figure>\n\n\n\n<figure class=\"wp-block-image size-large\"><a href=\"https:\/\/cullarvega.com\/casa-cultura\/wp-content\/uploads\/2025\/05\/x-velada-cofrade-cullar-vega_003-768x1024-1.jpg\"><img decoding=\"async\" width=\"768\" height=\"1024\" data-id=\"22010\" src=\"https:\/\/cullarvega.com\/casa-cultura\/wp-content\/uploads\/2025\/05\/x-velada-cofrade-cullar-vega_003-768x1024-1.jpg\" alt=\"\" class=\"wp-image-22010\" srcset=\"https:\/\/cullarvega.com\/casa-cultura\/wp-content\/uploads\/2025\/05\/x-velada-cofrade-cullar-vega_003-768x1024-1.jpg 768w, https:\/\/cullarvega.com\/casa-cultura\/wp-content\/uploads\/2025\/05\/x-velada-cofrade-cullar-vega_003-768x1024-1-225x300.jpg 225w, https:\/\/cullarvega.com\/casa-cultura\/wp-content\/uploads\/2025\/05\/x-velada-cofrade-cullar-vega_003-768x1024-1-450x600.jpg 450w, https:\/\/cullarvega.com\/casa-cultura\/wp-content\/uploads\/2025\/05\/x-velada-cofrade-cullar-vega_003-768x1024-1-420x560.jpg 420w\" sizes=\"(max-width: 768px) 100vw, 768px\" \/><\/a><\/figure>\n\n\n\n<figure class=\"wp-block-image size-large\"><a href=\"https:\/\/cullarvega.com\/casa-cultura\/wp-content\/uploads\/2025\/05\/x-velada-cofrade-cullar-vega_004-1024x958-1.jpg\"><img loading=\"lazy\" decoding=\"async\" width=\"1024\" height=\"958\" data-id=\"22011\" src=\"https:\/\/cullarvega.com\/casa-cultura\/wp-content\/uploads\/2025\/05\/x-velada-cofrade-cullar-vega_004-1024x958-1.jpg\" alt=\"\" class=\"wp-image-22011\" srcset=\"https:\/\/cullarvega.com\/casa-cultura\/wp-content\/uploads\/2025\/05\/x-velada-cofrade-cullar-vega_004-1024x958-1.jpg 1024w, https:\/\/cullarvega.com\/casa-cultura\/wp-content\/uploads\/2025\/05\/x-velada-cofrade-cullar-vega_004-1024x958-1-300x281.jpg 300w, https:\/\/cullarvega.com\/casa-cultura\/wp-content\/uploads\/2025\/05\/x-velada-cofrade-cullar-vega_004-1024x958-1-768x719.jpg 768w, https:\/\/cullarvega.com\/casa-cultura\/wp-content\/uploads\/2025\/05\/x-velada-cofrade-cullar-vega_004-1024x958-1-600x561.jpg 600w, https:\/\/cullarvega.com\/casa-cultura\/wp-content\/uploads\/2025\/05\/x-velada-cofrade-cullar-vega_004-1024x958-1-560x524.jpg 560w\" sizes=\"(max-width: 1024px) 100vw, 1024px\" \/><\/a><\/figure>\n<\/figure>\n","protected":false},"excerpt":{"rendered":"<p>Organizada por la Banda de M\u00fasica \u201cFelipe Moreno\u201d, la Banda Educandos de C\u00fallar Vega y el ayuntamiento, se ha celebrado en la Casa de la Cultura La m\u00fasica cofrade ha regresado al municipio granadino de C\u00fallar Vega gracias a la X Velada Cofrade de la localidad, organizada por la Banda de M\u00fasica \u201cFelipe Moreno\u201d de [&hellip;]<\/p>\n","protected":false},"author":1,"featured_media":22008,"comment_status":"closed","ping_status":"open","sticky":false,"template":"","format":"standard","meta":{"footnotes":""},"categories":[1],"tags":[],"class_list":["post-22007","post","type-post","status-publish","format-standard","has-post-thumbnail","hentry","category-actualidad"],"_links":{"self":[{"href":"https:\/\/cullarvega.com\/casa-cultura\/wp-json\/wp\/v2\/posts\/22007","targetHints":{"allow":["GET"]}}],"collection":[{"href":"https:\/\/cullarvega.com\/casa-cultura\/wp-json\/wp\/v2\/posts"}],"about":[{"href":"https:\/\/cullarvega.com\/casa-cultura\/wp-json\/wp\/v2\/types\/post"}],"author":[{"embeddable":true,"href":"https:\/\/cullarvega.com\/casa-cultura\/wp-json\/wp\/v2\/users\/1"}],"replies":[{"embeddable":true,"href":"https:\/\/cullarvega.com\/casa-cultura\/wp-json\/wp\/v2\/comments?post=22007"}],"version-history":[{"count":1,"href":"https:\/\/cullarvega.com\/casa-cultura\/wp-json\/wp\/v2\/posts\/22007\/revisions"}],"predecessor-version":[{"id":22013,"href":"https:\/\/cullarvega.com\/casa-cultura\/wp-json\/wp\/v2\/posts\/22007\/revisions\/22013"}],"wp:featuredmedia":[{"embeddable":true,"href":"https:\/\/cullarvega.com\/casa-cultura\/wp-json\/wp\/v2\/media\/22008"}],"wp:attachment":[{"href":"https:\/\/cullarvega.com\/casa-cultura\/wp-json\/wp\/v2\/media?parent=22007"}],"wp:term":[{"taxonomy":"category","embeddable":true,"href":"https:\/\/cullarvega.com\/casa-cultura\/wp-json\/wp\/v2\/categories?post=22007"},{"taxonomy":"post_tag","embeddable":true,"href":"https:\/\/cullarvega.com\/casa-cultura\/wp-json\/wp\/v2\/tags?post=22007"}],"curies":[{"name":"wp","href":"https:\/\/api.w.org\/{rel}","templated":true}]}}