{"id":22004,"date":"2025-04-07T15:35:00","date_gmt":"2025-04-07T13:35:00","guid":{"rendered":"https:\/\/cullarvega.com\/casa-cultura\/?p=22004"},"modified":"2025-05-08T15:38:21","modified_gmt":"2025-05-08T13:38:21","slug":"presentacion-del-libro-garabatos-de-un-violin-viejo-de-francisco-beltran","status":"publish","type":"post","link":"https:\/\/cullarvega.com\/casa-cultura\/presentacion-del-libro-garabatos-de-un-violin-viejo-de-francisco-beltran\/","title":{"rendered":"Presentaci\u00f3n del libro Garabatos de un viol\u00edn viejo, de Francisco Beltr\u00e1n"},"content":{"rendered":"\n<p>El pr\u00f3ximo <strong>lunes 21 de abril de 2025 a las 19:00 h<\/strong>, la <strong>Biblioteca P\u00fablica Municipal de C\u00fallar Vega<\/strong> acoger\u00e1 la presentaci\u00f3n del libro <em>Garabatos de un viol\u00edn viejo<\/em>, del autor <strong>Francisco Beltr\u00e1n<\/strong>, editado por <strong>Son\u00e1mbulos Ediciones<\/strong>.<\/p>\n\n\n\n<p>El acto contar\u00e1 con la participaci\u00f3n de <strong>Jos\u00e9 Antonio Corpas<\/strong>, presidente de la Pe\u00f1a Flamenca Frasquito Yerbabuena y escritor, as\u00ed como de <strong>Mar\u00eda de los \u00c1ngeles Polo<\/strong>, concejala de Cultura del Ayuntamiento de C\u00fallar Vega.<\/p>\n\n\n\n<p>Durante el encuentro se realizar\u00e1 una lectura de poemas a cargo del autor y del <strong>Club de Lectura de la Biblioteca de C\u00fallar Vega<\/strong>, con la colaboraci\u00f3n de <strong>Lola Garc\u00eda Casta\u00f1o<\/strong> y el propio Jos\u00e9 Antonio Corpas.<\/p>\n\n\n\n<p>Una cita literaria para descubrir el universo po\u00e9tico de un libro que se presenta con la calidez de la m\u00fasica y la palabra compartida.<\/p>\n\n\n\n<figure class=\"wp-block-image size-full\"><a href=\"https:\/\/cullarvega.com\/casa-cultura\/wp-content\/uploads\/2025\/05\/libro-garabatos-violin-viejo-Francisco-beltran-724x1024-1.jpeg\"><img fetchpriority=\"high\" decoding=\"async\" width=\"724\" height=\"1024\" src=\"https:\/\/cullarvega.com\/casa-cultura\/wp-content\/uploads\/2025\/05\/libro-garabatos-violin-viejo-Francisco-beltran-724x1024-1.jpeg\" alt=\"\" class=\"wp-image-22005\" srcset=\"https:\/\/cullarvega.com\/casa-cultura\/wp-content\/uploads\/2025\/05\/libro-garabatos-violin-viejo-Francisco-beltran-724x1024-1.jpeg 724w, https:\/\/cullarvega.com\/casa-cultura\/wp-content\/uploads\/2025\/05\/libro-garabatos-violin-viejo-Francisco-beltran-724x1024-1-212x300.jpeg 212w, https:\/\/cullarvega.com\/casa-cultura\/wp-content\/uploads\/2025\/05\/libro-garabatos-violin-viejo-Francisco-beltran-724x1024-1-424x600.jpeg 424w, https:\/\/cullarvega.com\/casa-cultura\/wp-content\/uploads\/2025\/05\/libro-garabatos-violin-viejo-Francisco-beltran-724x1024-1-396x560.jpeg 396w\" sizes=\"(max-width: 724px) 100vw, 724px\" \/><\/a><\/figure>\n","protected":false},"excerpt":{"rendered":"<p>El pr\u00f3ximo lunes 21 de abril de 2025 a las 19:00 h, la Biblioteca P\u00fablica Municipal de C\u00fallar Vega acoger\u00e1 la presentaci\u00f3n del libro Garabatos de un viol\u00edn viejo, del autor Francisco Beltr\u00e1n, editado por Son\u00e1mbulos Ediciones. El acto contar\u00e1 con la participaci\u00f3n de Jos\u00e9 Antonio Corpas, presidente de la Pe\u00f1a Flamenca Frasquito Yerbabuena y [&hellip;]<\/p>\n","protected":false},"author":1,"featured_media":22005,"comment_status":"closed","ping_status":"open","sticky":false,"template":"","format":"standard","meta":{"footnotes":""},"categories":[41],"tags":[],"class_list":["post-22004","post","type-post","status-publish","format-standard","has-post-thumbnail","hentry","category-biblioteca"],"_links":{"self":[{"href":"https:\/\/cullarvega.com\/casa-cultura\/wp-json\/wp\/v2\/posts\/22004","targetHints":{"allow":["GET"]}}],"collection":[{"href":"https:\/\/cullarvega.com\/casa-cultura\/wp-json\/wp\/v2\/posts"}],"about":[{"href":"https:\/\/cullarvega.com\/casa-cultura\/wp-json\/wp\/v2\/types\/post"}],"author":[{"embeddable":true,"href":"https:\/\/cullarvega.com\/casa-cultura\/wp-json\/wp\/v2\/users\/1"}],"replies":[{"embeddable":true,"href":"https:\/\/cullarvega.com\/casa-cultura\/wp-json\/wp\/v2\/comments?post=22004"}],"version-history":[{"count":1,"href":"https:\/\/cullarvega.com\/casa-cultura\/wp-json\/wp\/v2\/posts\/22004\/revisions"}],"predecessor-version":[{"id":22006,"href":"https:\/\/cullarvega.com\/casa-cultura\/wp-json\/wp\/v2\/posts\/22004\/revisions\/22006"}],"wp:featuredmedia":[{"embeddable":true,"href":"https:\/\/cullarvega.com\/casa-cultura\/wp-json\/wp\/v2\/media\/22005"}],"wp:attachment":[{"href":"https:\/\/cullarvega.com\/casa-cultura\/wp-json\/wp\/v2\/media?parent=22004"}],"wp:term":[{"taxonomy":"category","embeddable":true,"href":"https:\/\/cullarvega.com\/casa-cultura\/wp-json\/wp\/v2\/categories?post=22004"},{"taxonomy":"post_tag","embeddable":true,"href":"https:\/\/cullarvega.com\/casa-cultura\/wp-json\/wp\/v2\/tags?post=22004"}],"curies":[{"name":"wp","href":"https:\/\/api.w.org\/{rel}","templated":true}]}}