{"id":22000,"date":"2025-04-21T15:32:00","date_gmt":"2025-04-21T13:32:00","guid":{"rendered":"https:\/\/cullarvega.com\/casa-cultura\/?p=22000"},"modified":"2025-05-09T13:11:15","modified_gmt":"2025-05-09T11:11:15","slug":"conferencia-la-lirica-popular-en-el-flamenco","status":"publish","type":"post","link":"https:\/\/cullarvega.com\/casa-cultura\/conferencia-la-lirica-popular-en-el-flamenco\/","title":{"rendered":"Conferencia \u00abLa l\u00edrica popular en el Flamenco\u00bb"},"content":{"rendered":"\n<p>El pr\u00f3ximo <strong>viernes 25 de abril<\/strong>, C\u00fallar Vega acoge una jornada cultural en torno al flamenco con la conferencia <em>La l\u00edrica popular en el flamenco. Cultura popular y coplas flamencas<\/em>, a cargo del especialista <strong>Antonio Conde Gonz\u00e1lez-Carrascosa<\/strong>.<\/p>\n\n\n\n<p>Esta actividad, organizada por la <strong>Pe\u00f1a Flamenca Frasquito Yerbabuena<\/strong>, forma parte del programa provincial de apoyo a entidades sin \u00e1nimo de lucro y cuenta con la colaboraci\u00f3n de la <strong>Diputaci\u00f3n de Granada<\/strong>.<\/p>\n\n\n\n<p>La jornada se desarrollar\u00e1 en dos sesiones:<\/p>\n\n\n\n<ul class=\"wp-block-list\">\n<li>A las <strong>12:30 h<\/strong>, en la <strong>Casa de la Cultura de C\u00fallar Vega<\/strong>, dirigida al alumnado de <strong>Secundaria del IES Arabuleila<\/strong>.<\/li>\n\n\n\n<li>A las <strong>21:30 h<\/strong>, en la <strong>Pe\u00f1a Flamenca Frasquito Yerbabuena<\/strong>, en un acto abierto al p\u00fablico general.<\/li>\n<\/ul>\n\n\n\n<p>El evento contar\u00e1 con las intervenciones de <strong>Jos\u00e9 Antonio Corpas L\u00f3pez<\/strong> y <strong>Paco Vega<\/strong>, as\u00ed como con el cante de <strong>Antonio Fern\u00e1ndez<\/strong> y la guitarra de <strong>Vicente M\u00e1rquez \u2018Tente\u2019<\/strong>.<\/p>\n\n\n\n<p>Una cita imprescindible para quienes desean profundizar en las ra\u00edces del flamenco y su v\u00ednculo con la tradici\u00f3n oral y la cultura popular.<\/p>\n\n\n\n<figure class=\"wp-block-image size-full\"><a href=\"https:\/\/cullarvega.com\/casa-cultura\/wp-content\/uploads\/2025\/05\/conferencia-lirica-popular-flamenco-1024x707-2.jpeg\"><img fetchpriority=\"high\" decoding=\"async\" width=\"1024\" height=\"707\" src=\"https:\/\/cullarvega.com\/casa-cultura\/wp-content\/uploads\/2025\/05\/conferencia-lirica-popular-flamenco-1024x707-2.jpeg\" alt=\"\" class=\"wp-image-22002\" srcset=\"https:\/\/cullarvega.com\/casa-cultura\/wp-content\/uploads\/2025\/05\/conferencia-lirica-popular-flamenco-1024x707-2.jpeg 1024w, https:\/\/cullarvega.com\/casa-cultura\/wp-content\/uploads\/2025\/05\/conferencia-lirica-popular-flamenco-1024x707-2-300x207.jpeg 300w, https:\/\/cullarvega.com\/casa-cultura\/wp-content\/uploads\/2025\/05\/conferencia-lirica-popular-flamenco-1024x707-2-768x530.jpeg 768w, https:\/\/cullarvega.com\/casa-cultura\/wp-content\/uploads\/2025\/05\/conferencia-lirica-popular-flamenco-1024x707-2-600x414.jpeg 600w, https:\/\/cullarvega.com\/casa-cultura\/wp-content\/uploads\/2025\/05\/conferencia-lirica-popular-flamenco-1024x707-2-560x387.jpeg 560w\" sizes=\"(max-width: 1024px) 100vw, 1024px\" \/><\/a><\/figure>\n","protected":false},"excerpt":{"rendered":"<p>El pr\u00f3ximo viernes 25 de abril, C\u00fallar Vega acoge una jornada cultural en torno al flamenco con la conferencia La l\u00edrica popular en el flamenco. Cultura popular y coplas flamencas, a cargo del especialista Antonio Conde Gonz\u00e1lez-Carrascosa. Esta actividad, organizada por la Pe\u00f1a Flamenca Frasquito Yerbabuena, forma parte del programa provincial de apoyo a entidades [&hellip;]<\/p>\n","protected":false},"author":1,"featured_media":22002,"comment_status":"closed","ping_status":"open","sticky":false,"template":"","format":"standard","meta":{"footnotes":""},"categories":[41],"tags":[],"class_list":["post-22000","post","type-post","status-publish","format-standard","has-post-thumbnail","hentry","category-biblioteca"],"_links":{"self":[{"href":"https:\/\/cullarvega.com\/casa-cultura\/wp-json\/wp\/v2\/posts\/22000","targetHints":{"allow":["GET"]}}],"collection":[{"href":"https:\/\/cullarvega.com\/casa-cultura\/wp-json\/wp\/v2\/posts"}],"about":[{"href":"https:\/\/cullarvega.com\/casa-cultura\/wp-json\/wp\/v2\/types\/post"}],"author":[{"embeddable":true,"href":"https:\/\/cullarvega.com\/casa-cultura\/wp-json\/wp\/v2\/users\/1"}],"replies":[{"embeddable":true,"href":"https:\/\/cullarvega.com\/casa-cultura\/wp-json\/wp\/v2\/comments?post=22000"}],"version-history":[{"count":1,"href":"https:\/\/cullarvega.com\/casa-cultura\/wp-json\/wp\/v2\/posts\/22000\/revisions"}],"predecessor-version":[{"id":22003,"href":"https:\/\/cullarvega.com\/casa-cultura\/wp-json\/wp\/v2\/posts\/22000\/revisions\/22003"}],"wp:featuredmedia":[{"embeddable":true,"href":"https:\/\/cullarvega.com\/casa-cultura\/wp-json\/wp\/v2\/media\/22002"}],"wp:attachment":[{"href":"https:\/\/cullarvega.com\/casa-cultura\/wp-json\/wp\/v2\/media?parent=22000"}],"wp:term":[{"taxonomy":"category","embeddable":true,"href":"https:\/\/cullarvega.com\/casa-cultura\/wp-json\/wp\/v2\/categories?post=22000"},{"taxonomy":"post_tag","embeddable":true,"href":"https:\/\/cullarvega.com\/casa-cultura\/wp-json\/wp\/v2\/tags?post=22000"}],"curies":[{"name":"wp","href":"https:\/\/api.w.org\/{rel}","templated":true}]}}