{"id":21997,"date":"2025-04-28T15:26:00","date_gmt":"2025-04-28T13:26:00","guid":{"rendered":"https:\/\/cullarvega.com\/casa-cultura\/?p=21997"},"modified":"2025-05-08T15:30:25","modified_gmt":"2025-05-08T13:30:25","slug":"el-ayuntamiento-de-cullar-vega-abre-el-plazo-para-participar-en-su-xxxviii-certamen-literario","status":"publish","type":"post","link":"https:\/\/cullarvega.com\/casa-cultura\/el-ayuntamiento-de-cullar-vega-abre-el-plazo-para-participar-en-su-xxxviii-certamen-literario\/","title":{"rendered":"El Ayuntamiento de C\u00fallar Vega abre el plazo para participar en su XXXVIII Certamen Literario"},"content":{"rendered":"\n<h2 class=\"wp-block-heading\">El plazo para participar en este concurso de relato corto y poes\u00eda estar\u00e1 abierto hasta el 30 de septiembre<\/h2>\n\n\n\n<p>La concejal\u00eda de Cultura del Ayuntamiento de C\u00fallar Vega acaba de hacer p\u00fablicas las bases de la XXXVIII edici\u00f3n del Certamen Literario del municipio, uno de los m\u00e1s <strong>antiguos<\/strong> de toda el \u00e1rea Metropolitana, que este a\u00f1o volver\u00e1 a contar con dos modalidades distintas: Relato Corto y Poes\u00eda.<\/p>\n\n\n\n<p>El plazo para participar en este certamen literario se acaba de abrir, y se prolongar\u00e1 hasta el pr\u00f3ximo 30 de septiembre de 2025. En la primera quincena de enero de 2026 se dar\u00e1n a conocer los trabajos premiados.<\/p>\n\n\n\n<p>Los interesados en participar deber\u00e1n enviar sus trabajos originales al Ayuntamiento de C\u00fallar Vega (Concejal\u00eda de Cultura), por correo postal a la c\/ Pablo Picasso, 21, 18195 C\u00fallar Vega (Granada), indicando en el sobre \u201cPara el certamen literario\u201d y la modalidad.<\/p>\n\n\n\n<p>La concejala de Cultura del Ayuntamiento de C\u00fallar Vega, <strong>M\u00aa \u00c1ngeles Polo,<\/strong> destaca que las bases del concurso establecen una \u00fanica categor\u00eda por modalidad con un primer premio de 200 euros en met\u00e1lico y un segundo premio de 140 euros en cada una de las modalidades. \u201c<em>Adem\u00e1s, habr\u00e1 un \u00fanico premio de 200 euros en met\u00e1lico para el mejor autor o autora local, y no podr\u00e1 recaer m\u00e1s de un premio en una misma person<\/em>a\u201d, apunta la edil. El jurado se reserva el derecho de considerar desierto cualquiera de los premios.<\/p>\n\n\n\n<p>Los ganadores recibir\u00e1n un premio en met\u00e1lico y un diploma acreditativo, y sus trabajos podr\u00e1n leerse <strong>\u2018on line\u2019 <\/strong>a trav\u00e9s de la p\u00e1gina web del Ayuntamiento de C\u00fallar Vega.<\/p>\n\n\n\n<p>El alcalde cullero, <strong>Jorge<\/strong> <strong>S\u00e1nchez<\/strong> <strong>Cabrera<\/strong>, anima a todos los aficionados a la literatura \u201c<em>a participar en nuestro certamen, que cada a\u00f1o supera el n\u00famero de participantes y del que nos sentimos profundamente orgullosos\u201d.<\/em><\/p>\n\n\n\n<p>Las bases del XXXVIII Certamen Literario de C\u00fallar Vega est\u00e1n disponibles en el siguiente enlace: <a href=\"https:\/\/www.cullarvega.com\/wp-content\/uploads\/2025\/04\/bases2025.pdf\">https:\/\/www.cullarvega.com\/wp-content\/uploads\/2025\/04\/bases2025.pdf<\/a><\/p>\n\n\n\n<figure class=\"wp-block-image size-full\"><a href=\"https:\/\/cullarvega.com\/casa-cultura\/wp-content\/uploads\/2025\/05\/logocertamenliterario.png\"><img fetchpriority=\"high\" decoding=\"async\" width=\"629\" height=\"540\" src=\"https:\/\/cullarvega.com\/casa-cultura\/wp-content\/uploads\/2025\/05\/logocertamenliterario.png\" alt=\"\" class=\"wp-image-21998\" srcset=\"https:\/\/cullarvega.com\/casa-cultura\/wp-content\/uploads\/2025\/05\/logocertamenliterario.png 629w, https:\/\/cullarvega.com\/casa-cultura\/wp-content\/uploads\/2025\/05\/logocertamenliterario-300x258.png 300w, https:\/\/cullarvega.com\/casa-cultura\/wp-content\/uploads\/2025\/05\/logocertamenliterario-600x515.png 600w, https:\/\/cullarvega.com\/casa-cultura\/wp-content\/uploads\/2025\/05\/logocertamenliterario-560x481.png 560w\" sizes=\"(max-width: 629px) 100vw, 629px\" \/><\/a><\/figure>\n","protected":false},"excerpt":{"rendered":"<p>El plazo para participar en este concurso de relato corto y poes\u00eda estar\u00e1 abierto hasta el 30 de septiembre La concejal\u00eda de Cultura del Ayuntamiento de C\u00fallar Vega acaba de hacer p\u00fablicas las bases de la XXXVIII edici\u00f3n del Certamen Literario del municipio, uno de los m\u00e1s antiguos de toda el \u00e1rea Metropolitana, que este [&hellip;]<\/p>\n","protected":false},"author":1,"featured_media":21998,"comment_status":"closed","ping_status":"open","sticky":false,"template":"","format":"standard","meta":{"footnotes":""},"categories":[1],"tags":[],"class_list":["post-21997","post","type-post","status-publish","format-standard","has-post-thumbnail","hentry","category-actualidad"],"_links":{"self":[{"href":"https:\/\/cullarvega.com\/casa-cultura\/wp-json\/wp\/v2\/posts\/21997","targetHints":{"allow":["GET"]}}],"collection":[{"href":"https:\/\/cullarvega.com\/casa-cultura\/wp-json\/wp\/v2\/posts"}],"about":[{"href":"https:\/\/cullarvega.com\/casa-cultura\/wp-json\/wp\/v2\/types\/post"}],"author":[{"embeddable":true,"href":"https:\/\/cullarvega.com\/casa-cultura\/wp-json\/wp\/v2\/users\/1"}],"replies":[{"embeddable":true,"href":"https:\/\/cullarvega.com\/casa-cultura\/wp-json\/wp\/v2\/comments?post=21997"}],"version-history":[{"count":1,"href":"https:\/\/cullarvega.com\/casa-cultura\/wp-json\/wp\/v2\/posts\/21997\/revisions"}],"predecessor-version":[{"id":21999,"href":"https:\/\/cullarvega.com\/casa-cultura\/wp-json\/wp\/v2\/posts\/21997\/revisions\/21999"}],"wp:featuredmedia":[{"embeddable":true,"href":"https:\/\/cullarvega.com\/casa-cultura\/wp-json\/wp\/v2\/media\/21998"}],"wp:attachment":[{"href":"https:\/\/cullarvega.com\/casa-cultura\/wp-json\/wp\/v2\/media?parent=21997"}],"wp:term":[{"taxonomy":"category","embeddable":true,"href":"https:\/\/cullarvega.com\/casa-cultura\/wp-json\/wp\/v2\/categories?post=21997"},{"taxonomy":"post_tag","embeddable":true,"href":"https:\/\/cullarvega.com\/casa-cultura\/wp-json\/wp\/v2\/tags?post=21997"}],"curies":[{"name":"wp","href":"https:\/\/api.w.org\/{rel}","templated":true}]}}