{"id":21994,"date":"2025-04-28T15:25:00","date_gmt":"2025-04-28T13:25:00","guid":{"rendered":"https:\/\/cullarvega.com\/casa-cultura\/?p=21994"},"modified":"2025-05-08T15:34:57","modified_gmt":"2025-05-08T13:34:57","slug":"jornada-de-seleccion-de-personal-sociosanitario-en-cullar-vega","status":"publish","type":"post","link":"https:\/\/cullarvega.com\/casa-cultura\/jornada-de-seleccion-de-personal-sociosanitario-en-cullar-vega\/","title":{"rendered":"Jornada de selecci\u00f3n de personal sociosanitario en C\u00fallar Vega"},"content":{"rendered":"\n<p>La empresa Atende, especializada en servicios de atenci\u00f3n a domicilio, celebrar\u00e1 el pr\u00f3ximo <strong>14 de mayo de 2025<\/strong> una <strong>jornada de selecci\u00f3n de personal sociosanitario<\/strong> en el municipio de <strong>C\u00fallar Vega<\/strong>, provincia de Granada. El evento tendr\u00e1 lugar en el <strong>Auditorio Casa de la Cultura<\/strong>, ubicado en el <strong>Paseo Ger\u00f3nimo de Rueda s\/n<\/strong>, en horario de <strong>10:00 a 14:00 horas<\/strong>.<\/p>\n\n\n\n<p>La convocatoria est\u00e1 dirigida a personas interesadas en trabajar como <strong>auxiliares de ayuda a domicilio<\/strong>, ofreciendo una oportunidad laboral directa en el sector sociosanitario. Para participar en la jornada, los candidatos deben <strong>inscribirse previamente en el siguiente enlace: <\/strong><a href=\"https:\/\/canaldeempleo.es\/ATENDE\/job\/Cullar-Vega-NOS-CONOCEMOS-C%C3%9ALLAR-VEGA-Gran\/818756902\/\" target=\"_blank\" rel=\"noreferrer noopener\">https:\/\/canaldeempleo.es\/ATENDE\/job\/Cullar-Vega-NOS-CONOCEMOS-C%C3%9ALLAR-VEGA-Gran\/818756902\/<\/a> disponible en la convocatoria. Una vez inscritos, el equipo de Atende se pondr\u00e1 en contacto con ellos para coordinar una entrevista en su localidad.<\/p>\n\n\n\n<p>Desde la organizaci\u00f3n recuerdan la importancia de <strong>llevar el curr\u00edculum actualizado<\/strong> el d\u00eda del evento.<\/p>\n\n\n\n<figure class=\"wp-block-image size-full\"><a href=\"https:\/\/cullarvega.com\/casa-cultura\/wp-content\/uploads\/2025\/05\/jornada-seleccion-ayuda-domicilio-cullar-vega-728x1024-1.jpeg\"><img fetchpriority=\"high\" decoding=\"async\" width=\"728\" height=\"1024\" src=\"https:\/\/cullarvega.com\/casa-cultura\/wp-content\/uploads\/2025\/05\/jornada-seleccion-ayuda-domicilio-cullar-vega-728x1024-1.jpeg\" alt=\"\" class=\"wp-image-21995\" srcset=\"https:\/\/cullarvega.com\/casa-cultura\/wp-content\/uploads\/2025\/05\/jornada-seleccion-ayuda-domicilio-cullar-vega-728x1024-1.jpeg 728w, https:\/\/cullarvega.com\/casa-cultura\/wp-content\/uploads\/2025\/05\/jornada-seleccion-ayuda-domicilio-cullar-vega-728x1024-1-213x300.jpeg 213w, https:\/\/cullarvega.com\/casa-cultura\/wp-content\/uploads\/2025\/05\/jornada-seleccion-ayuda-domicilio-cullar-vega-728x1024-1-427x600.jpeg 427w, https:\/\/cullarvega.com\/casa-cultura\/wp-content\/uploads\/2025\/05\/jornada-seleccion-ayuda-domicilio-cullar-vega-728x1024-1-398x560.jpeg 398w\" sizes=\"(max-width: 728px) 100vw, 728px\" \/><\/a><\/figure>\n","protected":false},"excerpt":{"rendered":"<p>La empresa Atende, especializada en servicios de atenci\u00f3n a domicilio, celebrar\u00e1 el pr\u00f3ximo 14 de mayo de 2025 una jornada de selecci\u00f3n de personal sociosanitario en el municipio de C\u00fallar Vega, provincia de Granada. El evento tendr\u00e1 lugar en el Auditorio Casa de la Cultura, ubicado en el Paseo Ger\u00f3nimo de Rueda s\/n, en horario [&hellip;]<\/p>\n","protected":false},"author":1,"featured_media":21995,"comment_status":"closed","ping_status":"open","sticky":false,"template":"","format":"standard","meta":{"footnotes":""},"categories":[1,175],"tags":[],"class_list":["post-21994","post","type-post","status-publish","format-standard","has-post-thumbnail","hentry","category-actualidad","category-teatro"],"_links":{"self":[{"href":"https:\/\/cullarvega.com\/casa-cultura\/wp-json\/wp\/v2\/posts\/21994","targetHints":{"allow":["GET"]}}],"collection":[{"href":"https:\/\/cullarvega.com\/casa-cultura\/wp-json\/wp\/v2\/posts"}],"about":[{"href":"https:\/\/cullarvega.com\/casa-cultura\/wp-json\/wp\/v2\/types\/post"}],"author":[{"embeddable":true,"href":"https:\/\/cullarvega.com\/casa-cultura\/wp-json\/wp\/v2\/users\/1"}],"replies":[{"embeddable":true,"href":"https:\/\/cullarvega.com\/casa-cultura\/wp-json\/wp\/v2\/comments?post=21994"}],"version-history":[{"count":1,"href":"https:\/\/cullarvega.com\/casa-cultura\/wp-json\/wp\/v2\/posts\/21994\/revisions"}],"predecessor-version":[{"id":21996,"href":"https:\/\/cullarvega.com\/casa-cultura\/wp-json\/wp\/v2\/posts\/21994\/revisions\/21996"}],"wp:featuredmedia":[{"embeddable":true,"href":"https:\/\/cullarvega.com\/casa-cultura\/wp-json\/wp\/v2\/media\/21995"}],"wp:attachment":[{"href":"https:\/\/cullarvega.com\/casa-cultura\/wp-json\/wp\/v2\/media?parent=21994"}],"wp:term":[{"taxonomy":"category","embeddable":true,"href":"https:\/\/cullarvega.com\/casa-cultura\/wp-json\/wp\/v2\/categories?post=21994"},{"taxonomy":"post_tag","embeddable":true,"href":"https:\/\/cullarvega.com\/casa-cultura\/wp-json\/wp\/v2\/tags?post=21994"}],"curies":[{"name":"wp","href":"https:\/\/api.w.org\/{rel}","templated":true}]}}