{"id":21989,"date":"2025-04-30T15:19:46","date_gmt":"2025-04-30T13:19:46","guid":{"rendered":"https:\/\/cullarvega.com\/casa-cultura\/?p=21989"},"modified":"2025-05-08T15:20:22","modified_gmt":"2025-05-08T13:20:22","slug":"antonio-morales-gonzalez-revive-la-historia-oral-de-cullar-vega-con-motes-de-nuestros-antepasados","status":"publish","type":"post","link":"https:\/\/cullarvega.com\/casa-cultura\/antonio-morales-gonzalez-revive-la-historia-oral-de-cullar-vega-con-motes-de-nuestros-antepasados\/","title":{"rendered":"Antonio Morales Gonz\u00e1lez revive la historia oral de C\u00fallar Vega con \u201cMotes de nuestros antepasados\u201d"},"content":{"rendered":"\n<p>El&nbsp;<strong>9 de mayo de 2025<\/strong>&nbsp;a las&nbsp;<strong>20:00 horas<\/strong>, el&nbsp;<strong>Teatro de la Casa de la Cultura de C\u00fallar Vega<\/strong>&nbsp;acoger\u00e1 un entra\u00f1able encuentro con la memoria local:&nbsp;<strong>\u201cMotes de nuestros antepasados\u201d<\/strong>, una propuesta de&nbsp;<strong>Antonio Morales Gonz\u00e1lez<\/strong>&nbsp;que nos invita a revivir momentos de los a\u00f1os 1950 a 1980.<\/p>\n\n\n\n<p>A trav\u00e9s de an\u00e9cdotas, apodos y recuerdos de quienes marcaron el pulso cotidiano del pueblo, Morales traza un recorrido emocional por la historia reciente de C\u00fallar Vega, rescatando el valor del relato oral como patrimonio cultural.<\/p>\n\n\n\n<p>Un homenaje a las ra\u00edces, a la identidad colectiva y a las peque\u00f1as historias que construyen la gran historia.<\/p>\n\n\n\n<p><a href=\"https:\/\/www.cullarvega.com\/wp-content\/uploads\/2025\/04\/motes-nuestros-antepasados-cullar-vega.jpeg\"><\/a><\/p>\n\n\n\n<figure class=\"wp-block-image size-large\"><a href=\"https:\/\/cullarvega.com\/casa-cultura\/wp-content\/uploads\/2025\/05\/motes-nuestros-antepasados-cullar-vega-1.jpeg\"><img fetchpriority=\"high\" decoding=\"async\" width=\"717\" height=\"1024\" src=\"https:\/\/cullarvega.com\/casa-cultura\/wp-content\/uploads\/2025\/05\/motes-nuestros-antepasados-cullar-vega-1-717x1024.jpeg\" alt=\"\" class=\"wp-image-21990\" srcset=\"https:\/\/cullarvega.com\/casa-cultura\/wp-content\/uploads\/2025\/05\/motes-nuestros-antepasados-cullar-vega-1-717x1024.jpeg 717w, https:\/\/cullarvega.com\/casa-cultura\/wp-content\/uploads\/2025\/05\/motes-nuestros-antepasados-cullar-vega-1-210x300.jpeg 210w, https:\/\/cullarvega.com\/casa-cultura\/wp-content\/uploads\/2025\/05\/motes-nuestros-antepasados-cullar-vega-1-768x1097.jpeg 768w, https:\/\/cullarvega.com\/casa-cultura\/wp-content\/uploads\/2025\/05\/motes-nuestros-antepasados-cullar-vega-1-1075x1536.jpeg 1075w, https:\/\/cullarvega.com\/casa-cultura\/wp-content\/uploads\/2025\/05\/motes-nuestros-antepasados-cullar-vega-1-420x600.jpeg 420w, https:\/\/cullarvega.com\/casa-cultura\/wp-content\/uploads\/2025\/05\/motes-nuestros-antepasados-cullar-vega-1-392x560.jpeg 392w, https:\/\/cullarvega.com\/casa-cultura\/wp-content\/uploads\/2025\/05\/motes-nuestros-antepasados-cullar-vega-1.jpeg 1120w\" sizes=\"(max-width: 717px) 100vw, 717px\" \/><\/a><\/figure>\n","protected":false},"excerpt":{"rendered":"<p>El&nbsp;9 de mayo de 2025&nbsp;a las&nbsp;20:00 horas, el&nbsp;Teatro de la Casa de la Cultura de C\u00fallar Vega&nbsp;acoger\u00e1 un entra\u00f1able encuentro con la memoria local:&nbsp;\u201cMotes de nuestros antepasados\u201d, una propuesta de&nbsp;Antonio Morales Gonz\u00e1lez&nbsp;que nos invita a revivir momentos de los a\u00f1os 1950 a 1980. A trav\u00e9s de an\u00e9cdotas, apodos y recuerdos de quienes marcaron el pulso [&hellip;]<\/p>\n","protected":false},"author":1,"featured_media":21990,"comment_status":"closed","ping_status":"open","sticky":false,"template":"","format":"standard","meta":{"footnotes":""},"categories":[175],"tags":[],"class_list":["post-21989","post","type-post","status-publish","format-standard","has-post-thumbnail","hentry","category-teatro"],"_links":{"self":[{"href":"https:\/\/cullarvega.com\/casa-cultura\/wp-json\/wp\/v2\/posts\/21989","targetHints":{"allow":["GET"]}}],"collection":[{"href":"https:\/\/cullarvega.com\/casa-cultura\/wp-json\/wp\/v2\/posts"}],"about":[{"href":"https:\/\/cullarvega.com\/casa-cultura\/wp-json\/wp\/v2\/types\/post"}],"author":[{"embeddable":true,"href":"https:\/\/cullarvega.com\/casa-cultura\/wp-json\/wp\/v2\/users\/1"}],"replies":[{"embeddable":true,"href":"https:\/\/cullarvega.com\/casa-cultura\/wp-json\/wp\/v2\/comments?post=21989"}],"version-history":[{"count":2,"href":"https:\/\/cullarvega.com\/casa-cultura\/wp-json\/wp\/v2\/posts\/21989\/revisions"}],"predecessor-version":[{"id":21993,"href":"https:\/\/cullarvega.com\/casa-cultura\/wp-json\/wp\/v2\/posts\/21989\/revisions\/21993"}],"wp:featuredmedia":[{"embeddable":true,"href":"https:\/\/cullarvega.com\/casa-cultura\/wp-json\/wp\/v2\/media\/21990"}],"wp:attachment":[{"href":"https:\/\/cullarvega.com\/casa-cultura\/wp-json\/wp\/v2\/media?parent=21989"}],"wp:term":[{"taxonomy":"category","embeddable":true,"href":"https:\/\/cullarvega.com\/casa-cultura\/wp-json\/wp\/v2\/categories?post=21989"},{"taxonomy":"post_tag","embeddable":true,"href":"https:\/\/cullarvega.com\/casa-cultura\/wp-json\/wp\/v2\/tags?post=21989"}],"curies":[{"name":"wp","href":"https:\/\/api.w.org\/{rel}","templated":true}]}}