{"id":21977,"date":"2025-01-20T09:26:00","date_gmt":"2025-01-20T07:26:00","guid":{"rendered":"https:\/\/cullarvega.com\/casa-cultura\/?p=21977"},"modified":"2025-01-20T09:26:00","modified_gmt":"2025-01-20T07:26:00","slug":"party-mode-llega-a-cullar-vega-con-su-comedia-improvisada","status":"publish","type":"post","link":"https:\/\/cullarvega.com\/casa-cultura\/party-mode-llega-a-cullar-vega-con-su-comedia-improvisada\/","title":{"rendered":"\u00abParty Mode\u00bb llega a C\u00fallar Vega con su comedia improvisada"},"content":{"rendered":"\n<p>El pr\u00f3ximo s\u00e1bado <strong>25 de enero<\/strong>, el <strong>Teatro Casa de la Cultura de C\u00fallar Vega<\/strong> ser\u00e1 testigo de una tarde llena de risas y creatividad con el espect\u00e1culo <strong>\u00abParty Mode &#8211; Season 10\u00bb<\/strong>, un show de comedia improvisada que promete sorprender al p\u00fablico con situaciones hilarantes y ocurrencias espont\u00e1neas.<\/p>\n\n\n\n<p>A partir de las <strong>19:30 horas<\/strong>, el grupo <strong>Th\u00e9\u00e2tre des Vampires<\/strong> demostrar\u00e1 su talento en el arte de la improvisaci\u00f3n, interactuando con los asistentes y creando escenas \u00fanicas en cada funci\u00f3n. Adem\u00e1s, la entrada es completamente <strong>gratuita<\/strong>, brindando a todos la oportunidad de disfrutar de esta experiencia teatral \u00fanica.<\/p>\n\n\n\n<figure class=\"wp-block-image size-large\"><a href=\"https:\/\/cullarvega.com\/casa-cultura\/wp-content\/uploads\/2025\/01\/party-mode.jpeg\"><img fetchpriority=\"high\" decoding=\"async\" width=\"724\" height=\"1024\" src=\"https:\/\/cullarvega.com\/casa-cultura\/wp-content\/uploads\/2025\/01\/party-mode-724x1024.jpeg\" alt=\"\" class=\"wp-image-21978\" srcset=\"https:\/\/cullarvega.com\/casa-cultura\/wp-content\/uploads\/2025\/01\/party-mode-724x1024.jpeg 724w, https:\/\/cullarvega.com\/casa-cultura\/wp-content\/uploads\/2025\/01\/party-mode-212x300.jpeg 212w, https:\/\/cullarvega.com\/casa-cultura\/wp-content\/uploads\/2025\/01\/party-mode-768x1087.jpeg 768w, https:\/\/cullarvega.com\/casa-cultura\/wp-content\/uploads\/2025\/01\/party-mode-1085x1536.jpeg 1085w, https:\/\/cullarvega.com\/casa-cultura\/wp-content\/uploads\/2025\/01\/party-mode-424x600.jpeg 424w, https:\/\/cullarvega.com\/casa-cultura\/wp-content\/uploads\/2025\/01\/party-mode-396x560.jpeg 396w, https:\/\/cullarvega.com\/casa-cultura\/wp-content\/uploads\/2025\/01\/party-mode.jpeg 1447w\" sizes=\"(max-width: 724px) 100vw, 724px\" \/><\/a><\/figure>\n","protected":false},"excerpt":{"rendered":"<p>El pr\u00f3ximo s\u00e1bado 25 de enero, el Teatro Casa de la Cultura de C\u00fallar Vega ser\u00e1 testigo de una tarde llena de risas y creatividad con el espect\u00e1culo \u00abParty Mode &#8211; Season 10\u00bb, un show de comedia improvisada que promete sorprender al p\u00fablico con situaciones hilarantes y ocurrencias espont\u00e1neas. A partir de las 19:30 horas, [&hellip;]<\/p>\n","protected":false},"author":1,"featured_media":21978,"comment_status":"closed","ping_status":"open","sticky":false,"template":"","format":"standard","meta":{"footnotes":""},"categories":[175],"tags":[],"class_list":["post-21977","post","type-post","status-publish","format-standard","has-post-thumbnail","hentry","category-teatro"],"_links":{"self":[{"href":"https:\/\/cullarvega.com\/casa-cultura\/wp-json\/wp\/v2\/posts\/21977","targetHints":{"allow":["GET"]}}],"collection":[{"href":"https:\/\/cullarvega.com\/casa-cultura\/wp-json\/wp\/v2\/posts"}],"about":[{"href":"https:\/\/cullarvega.com\/casa-cultura\/wp-json\/wp\/v2\/types\/post"}],"author":[{"embeddable":true,"href":"https:\/\/cullarvega.com\/casa-cultura\/wp-json\/wp\/v2\/users\/1"}],"replies":[{"embeddable":true,"href":"https:\/\/cullarvega.com\/casa-cultura\/wp-json\/wp\/v2\/comments?post=21977"}],"version-history":[{"count":1,"href":"https:\/\/cullarvega.com\/casa-cultura\/wp-json\/wp\/v2\/posts\/21977\/revisions"}],"predecessor-version":[{"id":21979,"href":"https:\/\/cullarvega.com\/casa-cultura\/wp-json\/wp\/v2\/posts\/21977\/revisions\/21979"}],"wp:featuredmedia":[{"embeddable":true,"href":"https:\/\/cullarvega.com\/casa-cultura\/wp-json\/wp\/v2\/media\/21978"}],"wp:attachment":[{"href":"https:\/\/cullarvega.com\/casa-cultura\/wp-json\/wp\/v2\/media?parent=21977"}],"wp:term":[{"taxonomy":"category","embeddable":true,"href":"https:\/\/cullarvega.com\/casa-cultura\/wp-json\/wp\/v2\/categories?post=21977"},{"taxonomy":"post_tag","embeddable":true,"href":"https:\/\/cullarvega.com\/casa-cultura\/wp-json\/wp\/v2\/tags?post=21977"}],"curies":[{"name":"wp","href":"https:\/\/api.w.org\/{rel}","templated":true}]}}