{"id":21971,"date":"2025-01-03T09:47:04","date_gmt":"2025-01-03T07:47:04","guid":{"rendered":"https:\/\/cullarvega.com\/casa-cultura\/?p=21971"},"modified":"2025-01-03T09:47:05","modified_gmt":"2025-01-03T07:47:05","slug":"actuacion-del-tenor-miguel-machado-orozco-en-cullar-vega","status":"publish","type":"post","link":"https:\/\/cullarvega.com\/casa-cultura\/actuacion-del-tenor-miguel-machado-orozco-en-cullar-vega\/","title":{"rendered":"Actuaci\u00f3n del tenor \u00abMiguel Machado Orozco\u00bb en C\u00fallar Vega"},"content":{"rendered":"\n<p>El pr\u00f3ximo s\u00e1bado 11 de enero de 2025, a las 19:00 horas, el Teatro de la Casa de la Cultura de C\u00fallar Vega ser\u00e1 el escenario de un concierto del tenor <strong>Miguel Machado Orozco<\/strong>  acompa\u00f1ado al piano por <strong>Salvador Fajardo Villalba<\/strong>.<\/p>\n\n\n\n<p>Recoge tu invitaci\u00f3n en el Ayuntamiento y en la Casa de la Cultura.<\/p>\n\n\n\n<figure class=\"wp-block-image size-large\"><a href=\"https:\/\/cullarvega.com\/casa-cultura\/wp-content\/uploads\/2025\/01\/tenor-miguel-machado-orozco-cullar-vega.jpeg\"><img fetchpriority=\"high\" decoding=\"async\" width=\"713\" height=\"1024\" src=\"https:\/\/cullarvega.com\/casa-cultura\/wp-content\/uploads\/2025\/01\/tenor-miguel-machado-orozco-cullar-vega-713x1024.jpeg\" alt=\"\" class=\"wp-image-21972\" srcset=\"https:\/\/cullarvega.com\/casa-cultura\/wp-content\/uploads\/2025\/01\/tenor-miguel-machado-orozco-cullar-vega-713x1024.jpeg 713w, https:\/\/cullarvega.com\/casa-cultura\/wp-content\/uploads\/2025\/01\/tenor-miguel-machado-orozco-cullar-vega-209x300.jpeg 209w, https:\/\/cullarvega.com\/casa-cultura\/wp-content\/uploads\/2025\/01\/tenor-miguel-machado-orozco-cullar-vega-768x1103.jpeg 768w, https:\/\/cullarvega.com\/casa-cultura\/wp-content\/uploads\/2025\/01\/tenor-miguel-machado-orozco-cullar-vega-418x600.jpeg 418w, https:\/\/cullarvega.com\/casa-cultura\/wp-content\/uploads\/2025\/01\/tenor-miguel-machado-orozco-cullar-vega-390x560.jpeg 390w, https:\/\/cullarvega.com\/casa-cultura\/wp-content\/uploads\/2025\/01\/tenor-miguel-machado-orozco-cullar-vega.jpeg 932w\" sizes=\"(max-width: 713px) 100vw, 713px\" \/><\/a><\/figure>\n","protected":false},"excerpt":{"rendered":"<p>El pr\u00f3ximo s\u00e1bado 11 de enero de 2025, a las 19:00 horas, el Teatro de la Casa de la Cultura de C\u00fallar Vega ser\u00e1 el escenario de un concierto del tenor Miguel Machado Orozco acompa\u00f1ado al piano por Salvador Fajardo Villalba. Recoge tu invitaci\u00f3n en el Ayuntamiento y en la Casa de la Cultura.<\/p>\n","protected":false},"author":1,"featured_media":21972,"comment_status":"closed","ping_status":"open","sticky":false,"template":"","format":"standard","meta":{"footnotes":""},"categories":[175],"tags":[],"class_list":["post-21971","post","type-post","status-publish","format-standard","has-post-thumbnail","hentry","category-teatro"],"_links":{"self":[{"href":"https:\/\/cullarvega.com\/casa-cultura\/wp-json\/wp\/v2\/posts\/21971","targetHints":{"allow":["GET"]}}],"collection":[{"href":"https:\/\/cullarvega.com\/casa-cultura\/wp-json\/wp\/v2\/posts"}],"about":[{"href":"https:\/\/cullarvega.com\/casa-cultura\/wp-json\/wp\/v2\/types\/post"}],"author":[{"embeddable":true,"href":"https:\/\/cullarvega.com\/casa-cultura\/wp-json\/wp\/v2\/users\/1"}],"replies":[{"embeddable":true,"href":"https:\/\/cullarvega.com\/casa-cultura\/wp-json\/wp\/v2\/comments?post=21971"}],"version-history":[{"count":1,"href":"https:\/\/cullarvega.com\/casa-cultura\/wp-json\/wp\/v2\/posts\/21971\/revisions"}],"predecessor-version":[{"id":21973,"href":"https:\/\/cullarvega.com\/casa-cultura\/wp-json\/wp\/v2\/posts\/21971\/revisions\/21973"}],"wp:featuredmedia":[{"embeddable":true,"href":"https:\/\/cullarvega.com\/casa-cultura\/wp-json\/wp\/v2\/media\/21972"}],"wp:attachment":[{"href":"https:\/\/cullarvega.com\/casa-cultura\/wp-json\/wp\/v2\/media?parent=21971"}],"wp:term":[{"taxonomy":"category","embeddable":true,"href":"https:\/\/cullarvega.com\/casa-cultura\/wp-json\/wp\/v2\/categories?post=21971"},{"taxonomy":"post_tag","embeddable":true,"href":"https:\/\/cullarvega.com\/casa-cultura\/wp-json\/wp\/v2\/tags?post=21971"}],"curies":[{"name":"wp","href":"https:\/\/api.w.org\/{rel}","templated":true}]}}