{"id":21968,"date":"2025-01-02T11:42:17","date_gmt":"2025-01-02T09:42:17","guid":{"rendered":"https:\/\/cullarvega.com\/casa-cultura\/?p=21968"},"modified":"2025-01-02T11:42:18","modified_gmt":"2025-01-02T09:42:18","slug":"abierto-plazo-de-inscripcion-para-la-escuela-de-programacion-visual-por-bloques","status":"publish","type":"post","link":"https:\/\/cullarvega.com\/casa-cultura\/abierto-plazo-de-inscripcion-para-la-escuela-de-programacion-visual-por-bloques\/","title":{"rendered":"Abierto plazo de inscripci\u00f3n para la \u00abEscuela de Programaci\u00f3n Visual por bloques\u00bb"},"content":{"rendered":"\n<p>El 14 de enero dar\u00e1 comienzo la <strong>Escuela de Programaci\u00f3n Visual por Bloques<\/strong> en el que ni\u00f1@s de 8 a 12 a\u00f1os, usando un entorno visual basado en bloques, aprender\u00e1n a programar animaciones, presentaciones, videojuegos, rob\u00f3tica, etc.. mientras mejoran habilidades como el <strong>pensamiento l\u00f3gico<\/strong>, la resoluci\u00f3n de <strong>problemas,<\/strong> la <strong>creatividad<\/strong> y trabajo <strong>en equipo<\/strong>.<\/p>\n\n\n\n<ul class=\"wp-block-list\">\n<li><strong>PLAZAS MUY LIMITADAS \/ GRUPOS REDUCIDOS<\/strong><\/li>\n\n\n\n<li><strong>Dirigido a:&nbsp;<\/strong>ni\u00f1os\/as de 8 a 12 a\u00f1os.<\/li>\n\n\n\n<li><strong>Inicio: <\/strong>14 de enero de 2025&nbsp;<\/li>\n\n\n\n<li><strong>D\u00edas<\/strong>: Martes y Jueves de 16 a 17 h. (*)<\/li>\n\n\n\n<li><strong>Lugar<\/strong>: Punto Vuela C\u00fallar Vega (Casa de la Cultura)<\/li>\n\n\n\n<li><strong>Inscripci\u00f3n Online: <a href=\"https:\/\/forms.gle\/n51UtiPYLcrdP3FA7\">https:\/\/forms.gle\/n51UtiPYLcrdP3FA7<\/a><\/strong><\/li>\n\n\n\n<li><strong>Informaci\u00f3n<\/strong>: enviando un mensaje <strong>MENSAJE<\/strong>&nbsp;(no llamada) al WhatsApp <a href=\"https:\/\/api.whatsapp.com\/send?phone=+683150102&amp;text=Informaci%C3%B3n%20Escuela%20de%20Programaci%C3%B3n\">683150102<\/a><\/li>\n<\/ul>\n\n\n\n<p><em>(*) Inicialmente se organizar\u00e1 un \u00fanico grupo los martes y jueves de 16:00 a 17:00 horas, con un m\u00e1ximo de 10 participantes. Si el n\u00famero de inscritos supera dicha cantidad, se formar\u00edan dos grupos pudiendo elegir entre asistir los martes o los jueves.<\/em><\/p>\n\n\n\n<figure class=\"wp-block-image size-large\"><a href=\"https:\/\/cullarvega.com\/casa-cultura\/wp-content\/uploads\/2025\/01\/escuela-programacion.png\"><img fetchpriority=\"high\" decoding=\"async\" width=\"724\" height=\"1024\" src=\"https:\/\/cullarvega.com\/casa-cultura\/wp-content\/uploads\/2025\/01\/escuela-programacion-724x1024.png\" alt=\"\" class=\"wp-image-21969\" srcset=\"https:\/\/cullarvega.com\/casa-cultura\/wp-content\/uploads\/2025\/01\/escuela-programacion-724x1024.png 724w, https:\/\/cullarvega.com\/casa-cultura\/wp-content\/uploads\/2025\/01\/escuela-programacion-212x300.png 212w, https:\/\/cullarvega.com\/casa-cultura\/wp-content\/uploads\/2025\/01\/escuela-programacion-768x1086.png 768w, https:\/\/cullarvega.com\/casa-cultura\/wp-content\/uploads\/2025\/01\/escuela-programacion-1086x1536.png 1086w, https:\/\/cullarvega.com\/casa-cultura\/wp-content\/uploads\/2025\/01\/escuela-programacion-424x600.png 424w, https:\/\/cullarvega.com\/casa-cultura\/wp-content\/uploads\/2025\/01\/escuela-programacion-396x560.png 396w, https:\/\/cullarvega.com\/casa-cultura\/wp-content\/uploads\/2025\/01\/escuela-programacion.png 1414w\" sizes=\"(max-width: 724px) 100vw, 724px\" \/><\/a><\/figure>\n","protected":false},"excerpt":{"rendered":"<p>El 14 de enero dar\u00e1 comienzo la Escuela de Programaci\u00f3n Visual por Bloques en el que ni\u00f1@s de 8 a 12 a\u00f1os, usando un entorno visual basado en bloques, aprender\u00e1n a programar animaciones, presentaciones, videojuegos, rob\u00f3tica, etc.. mientras mejoran habilidades como el pensamiento l\u00f3gico, la resoluci\u00f3n de problemas, la creatividad y trabajo en equipo. (*) [&hellip;]<\/p>\n","protected":false},"author":1,"featured_media":21969,"comment_status":"closed","ping_status":"open","sticky":false,"template":"","format":"standard","meta":{"footnotes":""},"categories":[43],"tags":[],"class_list":["post-21968","post","type-post","status-publish","format-standard","has-post-thumbnail","hentry","category-punto-vuela"],"_links":{"self":[{"href":"https:\/\/cullarvega.com\/casa-cultura\/wp-json\/wp\/v2\/posts\/21968","targetHints":{"allow":["GET"]}}],"collection":[{"href":"https:\/\/cullarvega.com\/casa-cultura\/wp-json\/wp\/v2\/posts"}],"about":[{"href":"https:\/\/cullarvega.com\/casa-cultura\/wp-json\/wp\/v2\/types\/post"}],"author":[{"embeddable":true,"href":"https:\/\/cullarvega.com\/casa-cultura\/wp-json\/wp\/v2\/users\/1"}],"replies":[{"embeddable":true,"href":"https:\/\/cullarvega.com\/casa-cultura\/wp-json\/wp\/v2\/comments?post=21968"}],"version-history":[{"count":1,"href":"https:\/\/cullarvega.com\/casa-cultura\/wp-json\/wp\/v2\/posts\/21968\/revisions"}],"predecessor-version":[{"id":21970,"href":"https:\/\/cullarvega.com\/casa-cultura\/wp-json\/wp\/v2\/posts\/21968\/revisions\/21970"}],"wp:featuredmedia":[{"embeddable":true,"href":"https:\/\/cullarvega.com\/casa-cultura\/wp-json\/wp\/v2\/media\/21969"}],"wp:attachment":[{"href":"https:\/\/cullarvega.com\/casa-cultura\/wp-json\/wp\/v2\/media?parent=21968"}],"wp:term":[{"taxonomy":"category","embeddable":true,"href":"https:\/\/cullarvega.com\/casa-cultura\/wp-json\/wp\/v2\/categories?post=21968"},{"taxonomy":"post_tag","embeddable":true,"href":"https:\/\/cullarvega.com\/casa-cultura\/wp-json\/wp\/v2\/tags?post=21968"}],"curies":[{"name":"wp","href":"https:\/\/api.w.org\/{rel}","templated":true}]}}