{"id":21953,"date":"2024-12-11T09:21:03","date_gmt":"2024-12-11T07:21:03","guid":{"rendered":"https:\/\/cullarvega.com\/casa-cultura\/?p=21953"},"modified":"2024-12-11T09:21:04","modified_gmt":"2024-12-11T07:21:04","slug":"pinocho-un-magico-espectaculo-de-titeres-para-comenzar-el-ano","status":"publish","type":"post","link":"https:\/\/cullarvega.com\/casa-cultura\/pinocho-un-magico-espectaculo-de-titeres-para-comenzar-el-ano\/","title":{"rendered":"\u00abPinocho\u00bb: Un m\u00e1gico espect\u00e1culo de t\u00edteres para comenzar el a\u00f1o"},"content":{"rendered":"\n<p>El pr\u00f3ximo&nbsp;<strong>viernes 3 de enero<\/strong>&nbsp;de 2025, a las&nbsp;<strong>18:00 horas<\/strong>, no te pierdas el espect\u00e1culo de t\u00edteres&nbsp;<strong>\u00abPinocho\u00bb<\/strong>, una encantadora propuesta para p\u00fablico infantil y familiar presentada por la&nbsp;<strong>Compa\u00f1\u00eda Bambino Teatro<\/strong>.<\/p>\n\n\n\n<p>El evento tendr\u00e1 lugar en el&nbsp;<strong>Teatro de la Casa de la Cultura<\/strong>&nbsp;y las&nbsp;<strong>invitaciones<\/strong>&nbsp;se pueden recoger en el Ayuntamiento en horario de&nbsp;<strong>9:30 a 13:30 horas<\/strong>&nbsp;a partir del jueves 12 de diciembre, hasta completar el aforo.<\/p>\n\n\n\n<p>\u00a1Ven y disfruta de una tarde m\u00e1gica y llena de fantas\u00eda con esta adaptaci\u00f3n del cl\u00e1sico que encantar\u00e1 a grandes y peque\u00f1os!<\/p>\n\n\n\n<p><a href=\"https:\/\/www.cullarvega.com\/wp-content\/uploads\/2024\/12\/pinocho-titeres-cullar-vega-3-enero-2025.jpeg\"><\/a><\/p>\n\n\n\n<figure class=\"wp-block-image size-large\"><a href=\"https:\/\/cullarvega.com\/casa-cultura\/wp-content\/uploads\/2024\/12\/pinocho-titeres-cullar-vega-3-enero-2025.jpeg\"><img fetchpriority=\"high\" decoding=\"async\" width=\"717\" height=\"1024\" src=\"https:\/\/cullarvega.com\/casa-cultura\/wp-content\/uploads\/2024\/12\/pinocho-titeres-cullar-vega-3-enero-2025-717x1024.jpeg\" alt=\"\" class=\"wp-image-21954\" srcset=\"https:\/\/cullarvega.com\/casa-cultura\/wp-content\/uploads\/2024\/12\/pinocho-titeres-cullar-vega-3-enero-2025-717x1024.jpeg 717w, https:\/\/cullarvega.com\/casa-cultura\/wp-content\/uploads\/2024\/12\/pinocho-titeres-cullar-vega-3-enero-2025-210x300.jpeg 210w, https:\/\/cullarvega.com\/casa-cultura\/wp-content\/uploads\/2024\/12\/pinocho-titeres-cullar-vega-3-enero-2025-768x1097.jpeg 768w, https:\/\/cullarvega.com\/casa-cultura\/wp-content\/uploads\/2024\/12\/pinocho-titeres-cullar-vega-3-enero-2025-1075x1536.jpeg 1075w, https:\/\/cullarvega.com\/casa-cultura\/wp-content\/uploads\/2024\/12\/pinocho-titeres-cullar-vega-3-enero-2025-420x600.jpeg 420w, https:\/\/cullarvega.com\/casa-cultura\/wp-content\/uploads\/2024\/12\/pinocho-titeres-cullar-vega-3-enero-2025-392x560.jpeg 392w, https:\/\/cullarvega.com\/casa-cultura\/wp-content\/uploads\/2024\/12\/pinocho-titeres-cullar-vega-3-enero-2025.jpeg 1120w\" sizes=\"(max-width: 717px) 100vw, 717px\" \/><\/a><\/figure>\n","protected":false},"excerpt":{"rendered":"<p>El pr\u00f3ximo&nbsp;viernes 3 de enero&nbsp;de 2025, a las&nbsp;18:00 horas, no te pierdas el espect\u00e1culo de t\u00edteres&nbsp;\u00abPinocho\u00bb, una encantadora propuesta para p\u00fablico infantil y familiar presentada por la&nbsp;Compa\u00f1\u00eda Bambino Teatro. El evento tendr\u00e1 lugar en el&nbsp;Teatro de la Casa de la Cultura&nbsp;y las&nbsp;invitaciones&nbsp;se pueden recoger en el Ayuntamiento en horario de&nbsp;9:30 a 13:30 horas&nbsp;a partir del [&hellip;]<\/p>\n","protected":false},"author":1,"featured_media":21954,"comment_status":"closed","ping_status":"open","sticky":false,"template":"","format":"standard","meta":{"footnotes":""},"categories":[175],"tags":[],"class_list":["post-21953","post","type-post","status-publish","format-standard","has-post-thumbnail","hentry","category-teatro"],"_links":{"self":[{"href":"https:\/\/cullarvega.com\/casa-cultura\/wp-json\/wp\/v2\/posts\/21953","targetHints":{"allow":["GET"]}}],"collection":[{"href":"https:\/\/cullarvega.com\/casa-cultura\/wp-json\/wp\/v2\/posts"}],"about":[{"href":"https:\/\/cullarvega.com\/casa-cultura\/wp-json\/wp\/v2\/types\/post"}],"author":[{"embeddable":true,"href":"https:\/\/cullarvega.com\/casa-cultura\/wp-json\/wp\/v2\/users\/1"}],"replies":[{"embeddable":true,"href":"https:\/\/cullarvega.com\/casa-cultura\/wp-json\/wp\/v2\/comments?post=21953"}],"version-history":[{"count":1,"href":"https:\/\/cullarvega.com\/casa-cultura\/wp-json\/wp\/v2\/posts\/21953\/revisions"}],"predecessor-version":[{"id":21955,"href":"https:\/\/cullarvega.com\/casa-cultura\/wp-json\/wp\/v2\/posts\/21953\/revisions\/21955"}],"wp:featuredmedia":[{"embeddable":true,"href":"https:\/\/cullarvega.com\/casa-cultura\/wp-json\/wp\/v2\/media\/21954"}],"wp:attachment":[{"href":"https:\/\/cullarvega.com\/casa-cultura\/wp-json\/wp\/v2\/media?parent=21953"}],"wp:term":[{"taxonomy":"category","embeddable":true,"href":"https:\/\/cullarvega.com\/casa-cultura\/wp-json\/wp\/v2\/categories?post=21953"},{"taxonomy":"post_tag","embeddable":true,"href":"https:\/\/cullarvega.com\/casa-cultura\/wp-json\/wp\/v2\/tags?post=21953"}],"curies":[{"name":"wp","href":"https:\/\/api.w.org\/{rel}","templated":true}]}}