{"id":21941,"date":"2024-12-02T09:53:51","date_gmt":"2024-12-02T07:53:51","guid":{"rendered":"https:\/\/cullarvega.com\/casa-cultura\/?p=21941"},"modified":"2026-01-28T09:16:47","modified_gmt":"2026-01-28T07:16:47","slug":"taller-gratuito-de-ebiblio-y-descarga-de-libros-electronicos","status":"publish","type":"post","link":"https:\/\/cullarvega.com\/casa-cultura\/taller-gratuito-de-ebiblio-y-descarga-de-libros-electronicos\/","title":{"rendered":"Taller gratuito de eBiblio y Descarga de Libros Electr\u00f3nicos"},"content":{"rendered":"\n<p>El pr\u00f3ximo <strong>10 de diciembre de 2024<\/strong> se llevar\u00e1 a cabo un taller gratuito <strong>sobre el uso de eBiblio<\/strong> y otras plataformas para la descarga de libros electr\u00f3nicos de manera legal y gratuita. <\/p>\n\n\n\n<p>Este evento est\u00e1 dirigido a todas las personas interesadas en aprender a utilizar esta y otras plataformas, que ofrecen acceso gratuito a una amplia colecci\u00f3n de libros electr\u00f3nicos y tem\u00e1ticas.<\/p>\n\n\n\n<p>&#8211; <strong>Fecha:<\/strong> Martes, 10 de diciembre de 2024<\/p>\n\n\n\n<p>&#8211; <strong>\u00bfQu\u00e9 aprender\u00e1s?<\/strong>: C\u00f3mo acceder y utilizar eBiblio para leer libros electr\u00f3nicos. Descubrir otras plataformas legales y gratuitas para disfrutar de la lectura digital.<\/p>\n\n\n\n<p>&#8211; <strong>Lugar:<\/strong> Punto Vuela C\u00fallar Vega (P.\u00ba Jer\u00f3nimo de Rueda S\/N)<\/p>\n\n\n\n<p>&#8211; <strong>M\u00e1s informaci\u00f3n:<\/strong> Env\u00eda un mensaje al WhatsApp 683 15 01 02<\/p>\n\n\n\n<p>Este taller es una actividad conjunta entre la <strong>Biblioteca P\u00fablica<\/strong> y el <strong>Punto Vuela <\/strong>de <strong>C\u00fallar Vega<\/strong>.<\/p>\n\n\n\n<figure class=\"wp-block-image size-large\"><a href=\"https:\/\/cullarvega.com\/casa-cultura\/wp-content\/uploads\/2024\/12\/taller-ebiblio-descarga.ligros-electronicos.png\"><img fetchpriority=\"high\" decoding=\"async\" width=\"724\" height=\"1024\" src=\"https:\/\/cullarvega.com\/casa-cultura\/wp-content\/uploads\/2024\/12\/taller-ebiblio-descarga.ligros-electronicos-724x1024.png\" alt=\"\" class=\"wp-image-21942\" srcset=\"https:\/\/cullarvega.com\/casa-cultura\/wp-content\/uploads\/2024\/12\/taller-ebiblio-descarga.ligros-electronicos-724x1024.png 724w, https:\/\/cullarvega.com\/casa-cultura\/wp-content\/uploads\/2024\/12\/taller-ebiblio-descarga.ligros-electronicos-212x300.png 212w, https:\/\/cullarvega.com\/casa-cultura\/wp-content\/uploads\/2024\/12\/taller-ebiblio-descarga.ligros-electronicos-768x1086.png 768w, https:\/\/cullarvega.com\/casa-cultura\/wp-content\/uploads\/2024\/12\/taller-ebiblio-descarga.ligros-electronicos-1086x1536.png 1086w, https:\/\/cullarvega.com\/casa-cultura\/wp-content\/uploads\/2024\/12\/taller-ebiblio-descarga.ligros-electronicos-424x600.png 424w, https:\/\/cullarvega.com\/casa-cultura\/wp-content\/uploads\/2024\/12\/taller-ebiblio-descarga.ligros-electronicos-396x560.png 396w, https:\/\/cullarvega.com\/casa-cultura\/wp-content\/uploads\/2024\/12\/taller-ebiblio-descarga.ligros-electronicos.png 1414w\" sizes=\"(max-width: 724px) 100vw, 724px\" \/><\/a><\/figure>\n","protected":false},"excerpt":{"rendered":"<p>El pr\u00f3ximo 10 de diciembre de 2024 se llevar\u00e1 a cabo un taller gratuito sobre el uso de eBiblio y otras plataformas para la descarga de libros electr\u00f3nicos de manera legal y gratuita. Este evento est\u00e1 dirigido a todas las personas interesadas en aprender a utilizar esta y otras plataformas, que ofrecen acceso gratuito a [&hellip;]<\/p>\n","protected":false},"author":1,"featured_media":21942,"comment_status":"closed","ping_status":"open","sticky":false,"template":"","format":"standard","meta":{"footnotes":""},"categories":[41,43],"tags":[],"class_list":["post-21941","post","type-post","status-publish","format-standard","has-post-thumbnail","hentry","category-biblioteca","category-punto-vuela"],"_links":{"self":[{"href":"https:\/\/cullarvega.com\/casa-cultura\/wp-json\/wp\/v2\/posts\/21941","targetHints":{"allow":["GET"]}}],"collection":[{"href":"https:\/\/cullarvega.com\/casa-cultura\/wp-json\/wp\/v2\/posts"}],"about":[{"href":"https:\/\/cullarvega.com\/casa-cultura\/wp-json\/wp\/v2\/types\/post"}],"author":[{"embeddable":true,"href":"https:\/\/cullarvega.com\/casa-cultura\/wp-json\/wp\/v2\/users\/1"}],"replies":[{"embeddable":true,"href":"https:\/\/cullarvega.com\/casa-cultura\/wp-json\/wp\/v2\/comments?post=21941"}],"version-history":[{"count":2,"href":"https:\/\/cullarvega.com\/casa-cultura\/wp-json\/wp\/v2\/posts\/21941\/revisions"}],"predecessor-version":[{"id":22221,"href":"https:\/\/cullarvega.com\/casa-cultura\/wp-json\/wp\/v2\/posts\/21941\/revisions\/22221"}],"wp:featuredmedia":[{"embeddable":true,"href":"https:\/\/cullarvega.com\/casa-cultura\/wp-json\/wp\/v2\/media\/21942"}],"wp:attachment":[{"href":"https:\/\/cullarvega.com\/casa-cultura\/wp-json\/wp\/v2\/media?parent=21941"}],"wp:term":[{"taxonomy":"category","embeddable":true,"href":"https:\/\/cullarvega.com\/casa-cultura\/wp-json\/wp\/v2\/categories?post=21941"},{"taxonomy":"post_tag","embeddable":true,"href":"https:\/\/cullarvega.com\/casa-cultura\/wp-json\/wp\/v2\/tags?post=21941"}],"curies":[{"name":"wp","href":"https:\/\/api.w.org\/{rel}","templated":true}]}}