{"id":21938,"date":"2024-11-29T10:51:13","date_gmt":"2024-11-29T08:51:13","guid":{"rendered":"https:\/\/cullarvega.com\/casa-cultura\/?p=21938"},"modified":"2024-12-05T16:16:20","modified_gmt":"2024-12-05T14:16:20","slug":"christmas-camp-ludoteca-navidena-2024-2025","status":"publish","type":"post","link":"https:\/\/cullarvega.com\/casa-cultura\/christmas-camp-ludoteca-navidena-2024-2025\/","title":{"rendered":"\u00abChristmas Camp\u00bb ludoteca navide\u00f1a 2024-2025"},"content":{"rendered":"\n<p>Disfruta estas navidades del <strong>Christmas<\/strong> <strong>Camp<\/strong> con actividades y talleres navide\u00f1os, visita de personajes, juegos, hinchables, diversi\u00f3n y mucho m\u00e1s&#8230;.para ni\u00f1os y ni\u00f1as de 3 a 12 a\u00f1os.<\/p>\n\n\n\n<p>\u00a1No te quedes sin tu plaza!<\/p>\n\n\n\n<p><strong> &#8211; D\u00edas<\/strong>: 23, 26, 27 y 30 de diciembre de 2024 &#8211; 2 y 3 de enero de 2025<\/p>\n\n\n\n<p><strong>&#8211; \u00bfDonde?<\/strong> en la Casa de la Cultura de C\u00fallar Vega<\/p>\n\n\n\n<p><strong>&#8211; \u00bfComo puedo reservar ?<\/strong> en los tel\u00e9fonos 615 950 078 &#8211; 645 162 170  &#8211;  615 486 470<\/p>\n\n\n\n<p><strong>&#8211; \u00bfCu\u00e1nto cuesta? <\/strong>Campamento completo: 50 \u20ac | D\u00edas sueltos: 12 \u20ac<\/p>\n\n\n\n<figure class=\"wp-block-image size-large\"><a href=\"https:\/\/cullarvega.com\/casa-cultura\/wp-content\/uploads\/2024\/11\/christmas-camp-navidad-2024-2025-cullar-vega.jpeg\"><img fetchpriority=\"high\" decoding=\"async\" width=\"724\" height=\"1024\" src=\"https:\/\/cullarvega.com\/casa-cultura\/wp-content\/uploads\/2024\/11\/christmas-camp-navidad-2024-2025-cullar-vega-724x1024.jpeg\" alt=\"\" class=\"wp-image-21939\" srcset=\"https:\/\/cullarvega.com\/casa-cultura\/wp-content\/uploads\/2024\/11\/christmas-camp-navidad-2024-2025-cullar-vega-724x1024.jpeg 724w, https:\/\/cullarvega.com\/casa-cultura\/wp-content\/uploads\/2024\/11\/christmas-camp-navidad-2024-2025-cullar-vega-212x300.jpeg 212w, https:\/\/cullarvega.com\/casa-cultura\/wp-content\/uploads\/2024\/11\/christmas-camp-navidad-2024-2025-cullar-vega-768x1086.jpeg 768w, https:\/\/cullarvega.com\/casa-cultura\/wp-content\/uploads\/2024\/11\/christmas-camp-navidad-2024-2025-cullar-vega-1086x1536.jpeg 1086w, https:\/\/cullarvega.com\/casa-cultura\/wp-content\/uploads\/2024\/11\/christmas-camp-navidad-2024-2025-cullar-vega-424x600.jpeg 424w, https:\/\/cullarvega.com\/casa-cultura\/wp-content\/uploads\/2024\/11\/christmas-camp-navidad-2024-2025-cullar-vega-396x560.jpeg 396w, https:\/\/cullarvega.com\/casa-cultura\/wp-content\/uploads\/2024\/11\/christmas-camp-navidad-2024-2025-cullar-vega.jpeg 1290w\" sizes=\"(max-width: 724px) 100vw, 724px\" \/><\/a><\/figure>\n","protected":false},"excerpt":{"rendered":"<p>Disfruta estas navidades del Christmas Camp con actividades y talleres navide\u00f1os, visita de personajes, juegos, hinchables, diversi\u00f3n y mucho m\u00e1s&#8230;.para ni\u00f1os y ni\u00f1as de 3 a 12 a\u00f1os. \u00a1No te quedes sin tu plaza! &#8211; D\u00edas: 23, 26, 27 y 30 de diciembre de 2024 &#8211; 2 y 3 de enero de 2025 &#8211; \u00bfDonde? [&hellip;]<\/p>\n","protected":false},"author":1,"featured_media":21939,"comment_status":"closed","ping_status":"open","sticky":false,"template":"","format":"standard","meta":{"footnotes":""},"categories":[118],"tags":[],"class_list":["post-21938","post","type-post","status-publish","format-standard","has-post-thumbnail","hentry","category-sala-exposiciones"],"_links":{"self":[{"href":"https:\/\/cullarvega.com\/casa-cultura\/wp-json\/wp\/v2\/posts\/21938","targetHints":{"allow":["GET"]}}],"collection":[{"href":"https:\/\/cullarvega.com\/casa-cultura\/wp-json\/wp\/v2\/posts"}],"about":[{"href":"https:\/\/cullarvega.com\/casa-cultura\/wp-json\/wp\/v2\/types\/post"}],"author":[{"embeddable":true,"href":"https:\/\/cullarvega.com\/casa-cultura\/wp-json\/wp\/v2\/users\/1"}],"replies":[{"embeddable":true,"href":"https:\/\/cullarvega.com\/casa-cultura\/wp-json\/wp\/v2\/comments?post=21938"}],"version-history":[{"count":3,"href":"https:\/\/cullarvega.com\/casa-cultura\/wp-json\/wp\/v2\/posts\/21938\/revisions"}],"predecessor-version":[{"id":21951,"href":"https:\/\/cullarvega.com\/casa-cultura\/wp-json\/wp\/v2\/posts\/21938\/revisions\/21951"}],"wp:featuredmedia":[{"embeddable":true,"href":"https:\/\/cullarvega.com\/casa-cultura\/wp-json\/wp\/v2\/media\/21939"}],"wp:attachment":[{"href":"https:\/\/cullarvega.com\/casa-cultura\/wp-json\/wp\/v2\/media?parent=21938"}],"wp:term":[{"taxonomy":"category","embeddable":true,"href":"https:\/\/cullarvega.com\/casa-cultura\/wp-json\/wp\/v2\/categories?post=21938"},{"taxonomy":"post_tag","embeddable":true,"href":"https:\/\/cullarvega.com\/casa-cultura\/wp-json\/wp\/v2\/tags?post=21938"}],"curies":[{"name":"wp","href":"https:\/\/api.w.org\/{rel}","templated":true}]}}