{"id":21927,"date":"2024-11-19T21:16:25","date_gmt":"2024-11-19T19:16:25","guid":{"rendered":"https:\/\/cullarvega.com\/casa-cultura\/?p=21927"},"modified":"2024-11-19T21:16:26","modified_gmt":"2024-11-19T19:16:26","slug":"gala-de-navidad-escuela-de-baile-azabache","status":"publish","type":"post","link":"https:\/\/cullarvega.com\/casa-cultura\/gala-de-navidad-escuela-de-baile-azabache\/","title":{"rendered":"Gala de Navidad Escuela de Baile Azabache"},"content":{"rendered":"\n<p>El domingo 15 de diciembre de 2024, las flamenquitas de Mamen Mol\u00e9on actuar\u00e1n en la tradicional Gala de Navidad de la Escuela de Baile Azabache.<\/p>\n\n\n\n<p>Tendr\u00e1 lugar a las 18:30 h en la Casa de la Cultura.<\/p>\n\n\n\n<p>Entrada: 3 \u20ac a la venta en la propia Escuela o en el mismo d\u00eda del festival en la taquilla del teatro.<\/p>\n\n\n\n<figure class=\"wp-block-image size-large\"><a href=\"https:\/\/cullarvega.com\/casa-cultura\/wp-content\/uploads\/2024\/11\/gala-navidad-azabache-cullar-vega.jpeg\"><img fetchpriority=\"high\" decoding=\"async\" width=\"717\" height=\"1024\" src=\"https:\/\/cullarvega.com\/casa-cultura\/wp-content\/uploads\/2024\/11\/gala-navidad-azabache-cullar-vega-717x1024.jpeg\" alt=\"\" class=\"wp-image-21928\" srcset=\"https:\/\/cullarvega.com\/casa-cultura\/wp-content\/uploads\/2024\/11\/gala-navidad-azabache-cullar-vega-717x1024.jpeg 717w, https:\/\/cullarvega.com\/casa-cultura\/wp-content\/uploads\/2024\/11\/gala-navidad-azabache-cullar-vega-210x300.jpeg 210w, https:\/\/cullarvega.com\/casa-cultura\/wp-content\/uploads\/2024\/11\/gala-navidad-azabache-cullar-vega-768x1097.jpeg 768w, https:\/\/cullarvega.com\/casa-cultura\/wp-content\/uploads\/2024\/11\/gala-navidad-azabache-cullar-vega-1075x1536.jpeg 1075w, https:\/\/cullarvega.com\/casa-cultura\/wp-content\/uploads\/2024\/11\/gala-navidad-azabache-cullar-vega-420x600.jpeg 420w, https:\/\/cullarvega.com\/casa-cultura\/wp-content\/uploads\/2024\/11\/gala-navidad-azabache-cullar-vega-392x560.jpeg 392w, https:\/\/cullarvega.com\/casa-cultura\/wp-content\/uploads\/2024\/11\/gala-navidad-azabache-cullar-vega.jpeg 1120w\" sizes=\"(max-width: 717px) 100vw, 717px\" \/><\/a><\/figure>\n","protected":false},"excerpt":{"rendered":"<p>El domingo 15 de diciembre de 2024, las flamenquitas de Mamen Mol\u00e9on actuar\u00e1n en la tradicional Gala de Navidad de la Escuela de Baile Azabache. Tendr\u00e1 lugar a las 18:30 h en la Casa de la Cultura. Entrada: 3 \u20ac a la venta en la propia Escuela o en el mismo d\u00eda del festival en [&hellip;]<\/p>\n","protected":false},"author":1,"featured_media":21928,"comment_status":"closed","ping_status":"open","sticky":false,"template":"","format":"standard","meta":{"footnotes":""},"categories":[175],"tags":[],"class_list":["post-21927","post","type-post","status-publish","format-standard","has-post-thumbnail","hentry","category-teatro"],"_links":{"self":[{"href":"https:\/\/cullarvega.com\/casa-cultura\/wp-json\/wp\/v2\/posts\/21927","targetHints":{"allow":["GET"]}}],"collection":[{"href":"https:\/\/cullarvega.com\/casa-cultura\/wp-json\/wp\/v2\/posts"}],"about":[{"href":"https:\/\/cullarvega.com\/casa-cultura\/wp-json\/wp\/v2\/types\/post"}],"author":[{"embeddable":true,"href":"https:\/\/cullarvega.com\/casa-cultura\/wp-json\/wp\/v2\/users\/1"}],"replies":[{"embeddable":true,"href":"https:\/\/cullarvega.com\/casa-cultura\/wp-json\/wp\/v2\/comments?post=21927"}],"version-history":[{"count":1,"href":"https:\/\/cullarvega.com\/casa-cultura\/wp-json\/wp\/v2\/posts\/21927\/revisions"}],"predecessor-version":[{"id":21929,"href":"https:\/\/cullarvega.com\/casa-cultura\/wp-json\/wp\/v2\/posts\/21927\/revisions\/21929"}],"wp:featuredmedia":[{"embeddable":true,"href":"https:\/\/cullarvega.com\/casa-cultura\/wp-json\/wp\/v2\/media\/21928"}],"wp:attachment":[{"href":"https:\/\/cullarvega.com\/casa-cultura\/wp-json\/wp\/v2\/media?parent=21927"}],"wp:term":[{"taxonomy":"category","embeddable":true,"href":"https:\/\/cullarvega.com\/casa-cultura\/wp-json\/wp\/v2\/categories?post=21927"},{"taxonomy":"post_tag","embeddable":true,"href":"https:\/\/cullarvega.com\/casa-cultura\/wp-json\/wp\/v2\/tags?post=21927"}],"curies":[{"name":"wp","href":"https:\/\/api.w.org\/{rel}","templated":true}]}}