{"id":21921,"date":"2024-11-19T21:03:46","date_gmt":"2024-11-19T19:03:46","guid":{"rendered":"https:\/\/cullarvega.com\/casa-cultura\/?p=21921"},"modified":"2024-11-19T21:06:09","modified_gmt":"2024-11-19T19:06:09","slug":"madre-mala-hay-mas-que-una-espectaculo-de-ibanez-y-refoyo","status":"publish","type":"post","link":"https:\/\/cullarvega.com\/casa-cultura\/madre-mala-hay-mas-que-una-espectaculo-de-ibanez-y-refoyo\/","title":{"rendered":"\u00abMadre Mala hay m\u00e1s que una\u00bb espect\u00e1culo de Iba\u00f1ez y Refoyo"},"content":{"rendered":"\n<p>Acto art\u00edstico en formato teatral protagonizado por dos mujeres que viven su maternidad como buenamente pueden. En \u00e9l se unen varios lenguajes teatrales con m\u00fasica en directo, para dar vida a multitud de mujeres durante todas las distintas etapas de la gestaci\u00f3n. Es un espect\u00e1culo gamberro, divertido, emocional y muy necesario. Dirigido a cualquier personas interesada y altamente recomendable para adolescentes a partir de 16 a\u00f1os. <\/p>\n\n\n\n<p>\u2013 D\u00eda: Viernes 29 de noviembre de 2024<\/p>\n\n\n\n<p>\u2013 Hora: 19 h.<\/p>\n\n\n\n<p>\u2013 Lugar: Teatro de la Casa de la Cultura<\/p>\n\n\n\n<p>Entrada libra hasta completar aforo<\/p>\n\n\n\n<figure class=\"wp-block-image size-large\"><a href=\"https:\/\/cullarvega.com\/casa-cultura\/wp-content\/uploads\/2024\/11\/madre-mala-hay-mas-que-una-cullar-vega.jpeg\"><img fetchpriority=\"high\" decoding=\"async\" width=\"724\" height=\"1024\" src=\"https:\/\/cullarvega.com\/casa-cultura\/wp-content\/uploads\/2024\/11\/madre-mala-hay-mas-que-una-cullar-vega-724x1024.jpeg\" alt=\"\" class=\"wp-image-21922\" srcset=\"https:\/\/cullarvega.com\/casa-cultura\/wp-content\/uploads\/2024\/11\/madre-mala-hay-mas-que-una-cullar-vega-724x1024.jpeg 724w, https:\/\/cullarvega.com\/casa-cultura\/wp-content\/uploads\/2024\/11\/madre-mala-hay-mas-que-una-cullar-vega-212x300.jpeg 212w, https:\/\/cullarvega.com\/casa-cultura\/wp-content\/uploads\/2024\/11\/madre-mala-hay-mas-que-una-cullar-vega-768x1086.jpeg 768w, https:\/\/cullarvega.com\/casa-cultura\/wp-content\/uploads\/2024\/11\/madre-mala-hay-mas-que-una-cullar-vega-1086x1536.jpeg 1086w, https:\/\/cullarvega.com\/casa-cultura\/wp-content\/uploads\/2024\/11\/madre-mala-hay-mas-que-una-cullar-vega-424x600.jpeg 424w, https:\/\/cullarvega.com\/casa-cultura\/wp-content\/uploads\/2024\/11\/madre-mala-hay-mas-que-una-cullar-vega-396x560.jpeg 396w, https:\/\/cullarvega.com\/casa-cultura\/wp-content\/uploads\/2024\/11\/madre-mala-hay-mas-que-una-cullar-vega.jpeg 1131w\" sizes=\"(max-width: 724px) 100vw, 724px\" \/><\/a><\/figure>\n\n\n\n<p><a href=\"https:\/\/www.cullarvega.com\/wp-content\/uploads\/2024\/11\/madre-mala-hay-mas-que-una-cullar-vega.jpeg\"><\/a><\/p>\n","protected":false},"excerpt":{"rendered":"<p>Acto art\u00edstico en formato teatral protagonizado por dos mujeres que viven su maternidad como buenamente pueden. En \u00e9l se unen varios lenguajes teatrales con m\u00fasica en directo, para dar vida a multitud de mujeres durante todas las distintas etapas de la gestaci\u00f3n. Es un espect\u00e1culo gamberro, divertido, emocional y muy necesario. Dirigido a cualquier personas [&hellip;]<\/p>\n","protected":false},"author":1,"featured_media":21922,"comment_status":"closed","ping_status":"open","sticky":false,"template":"","format":"standard","meta":{"footnotes":""},"categories":[175],"tags":[],"class_list":["post-21921","post","type-post","status-publish","format-standard","has-post-thumbnail","hentry","category-teatro"],"_links":{"self":[{"href":"https:\/\/cullarvega.com\/casa-cultura\/wp-json\/wp\/v2\/posts\/21921","targetHints":{"allow":["GET"]}}],"collection":[{"href":"https:\/\/cullarvega.com\/casa-cultura\/wp-json\/wp\/v2\/posts"}],"about":[{"href":"https:\/\/cullarvega.com\/casa-cultura\/wp-json\/wp\/v2\/types\/post"}],"author":[{"embeddable":true,"href":"https:\/\/cullarvega.com\/casa-cultura\/wp-json\/wp\/v2\/users\/1"}],"replies":[{"embeddable":true,"href":"https:\/\/cullarvega.com\/casa-cultura\/wp-json\/wp\/v2\/comments?post=21921"}],"version-history":[{"count":2,"href":"https:\/\/cullarvega.com\/casa-cultura\/wp-json\/wp\/v2\/posts\/21921\/revisions"}],"predecessor-version":[{"id":21926,"href":"https:\/\/cullarvega.com\/casa-cultura\/wp-json\/wp\/v2\/posts\/21921\/revisions\/21926"}],"wp:featuredmedia":[{"embeddable":true,"href":"https:\/\/cullarvega.com\/casa-cultura\/wp-json\/wp\/v2\/media\/21922"}],"wp:attachment":[{"href":"https:\/\/cullarvega.com\/casa-cultura\/wp-json\/wp\/v2\/media?parent=21921"}],"wp:term":[{"taxonomy":"category","embeddable":true,"href":"https:\/\/cullarvega.com\/casa-cultura\/wp-json\/wp\/v2\/categories?post=21921"},{"taxonomy":"post_tag","embeddable":true,"href":"https:\/\/cullarvega.com\/casa-cultura\/wp-json\/wp\/v2\/tags?post=21921"}],"curies":[{"name":"wp","href":"https:\/\/api.w.org\/{rel}","templated":true}]}}