{"id":21889,"date":"2024-11-06T11:00:00","date_gmt":"2024-11-06T09:00:00","guid":{"rendered":"https:\/\/cullarvega.com\/casa-cultura\/?p=21889"},"modified":"2024-11-06T17:39:06","modified_gmt":"2024-11-06T15:39:06","slug":"la-asociacion-musical-de-cullar-vega-rinde-homenaje-a-las-leyendas-del-rock-y-pop-en-su-38o-concierto-de-santa-cecilia","status":"publish","type":"post","link":"https:\/\/cullarvega.com\/casa-cultura\/la-asociacion-musical-de-cullar-vega-rinde-homenaje-a-las-leyendas-del-rock-y-pop-en-su-38o-concierto-de-santa-cecilia\/","title":{"rendered":"La Asociaci\u00f3n Musical de C\u00fallar Vega rinde homenaje a las leyendas del rock y pop en su 38\u00ba Concierto de Santa Cecilia"},"content":{"rendered":"\n<h3 class=\"wp-block-heading\">El pr\u00f3ximo s\u00e1bado 23 de noviembre, a las 20:00 h, el auditorio de la Casa de la Cultura de C\u00fallar Vega vibrar\u00e1 al ritmo de las grandes leyendas del rock y pop.<\/h3>\n\n\n\n<p>La Asociaci\u00f3n Musical de C\u00fallar Vega celebrar\u00e1 su trig\u00e9simo octavo Concierto en honor a Santa Cecilia, patrona de los m\u00fasicos, con una velada tem\u00e1tica titulada <strong>\u201cLegendarios\u201d<\/strong>, que recorrer\u00e1 los \u00e9xitos de las mejores leyendas.<\/p>\n\n\n\n<p>El programa incluye las actuaciones de la Escolan\u00eda, Coro Barbieri, la Banda \u00abEducandos\u00bb y la Banda de M\u00fasica \u201cFelipe Moreno,\u201d quienes interpretar\u00e1n temas ic\u00f3nicos de artistas y bandas legendarias que han dejado una huella imborrable en la historia de la m\u00fasica como son Michael Jackson, Abba, Queens, The Blus Brother o Deep Purple entre otros.<\/p>\n\n\n\n<p>Las entradas anticipadas para este evento estar\u00e1n disponibles a partir del mi\u00e9rcoles 6 de noviembre, con un coste de 3 \u20ac en la<strong> Asociaci\u00f3n Musical C\u00fallar Vega<\/strong>, e ir\u00e1n destinados a ayudar a las <strong>v\u00edctimas de la DANA<\/strong>. Adem\u00e1s, todas aquellas personas que quieran contribuir a\u00fan m\u00e1s con este acto solidario, podr\u00e1n aportar los productos necesarios que indicaremos una semana antes del concierto; o un donativo que ser\u00e1 recogido en una <strong>hucha solidaria<\/strong>. Con el dinero recaudado, compraremos aquellos materiales que se necesiten&nbsp;con&nbsp;urgencia.<\/p>\n\n\n\n<p>Venta de entradas anticipadas en Asociaci\u00f3n Musical C\u00fallar Vega (C\/ Pedro Antonio de Alarc\u00f3n 13) los lunes de 16 a 18 h, martes de 18 a 20 h, mi\u00e9rcoles de 16 a 18 h, jueves de 18 a 20 h y viernes de 11:30 a 13:00 h. Tambi\u00e9n podr\u00e1n ser adquiridas las entradas el mismo d\u00eda del concierto en taquilla.<\/p>\n\n\n\n<figure class=\"wp-block-image size-large\"><a href=\"https:\/\/cullarvega.com\/casa-cultura\/wp-content\/uploads\/2024\/11\/concierto-santa-cecilia-legendarios-cullar-vega-2024.png\"><img fetchpriority=\"high\" decoding=\"async\" width=\"724\" height=\"1024\" src=\"https:\/\/cullarvega.com\/casa-cultura\/wp-content\/uploads\/2024\/11\/concierto-santa-cecilia-legendarios-cullar-vega-2024-724x1024.png\" alt=\"\" class=\"wp-image-21904\" srcset=\"https:\/\/cullarvega.com\/casa-cultura\/wp-content\/uploads\/2024\/11\/concierto-santa-cecilia-legendarios-cullar-vega-2024-724x1024.png 724w, https:\/\/cullarvega.com\/casa-cultura\/wp-content\/uploads\/2024\/11\/concierto-santa-cecilia-legendarios-cullar-vega-2024-212x300.png 212w, https:\/\/cullarvega.com\/casa-cultura\/wp-content\/uploads\/2024\/11\/concierto-santa-cecilia-legendarios-cullar-vega-2024-768x1086.png 768w, https:\/\/cullarvega.com\/casa-cultura\/wp-content\/uploads\/2024\/11\/concierto-santa-cecilia-legendarios-cullar-vega-2024-1086x1536.png 1086w, https:\/\/cullarvega.com\/casa-cultura\/wp-content\/uploads\/2024\/11\/concierto-santa-cecilia-legendarios-cullar-vega-2024-1448x2048.png 1448w, https:\/\/cullarvega.com\/casa-cultura\/wp-content\/uploads\/2024\/11\/concierto-santa-cecilia-legendarios-cullar-vega-2024-424x600.png 424w, https:\/\/cullarvega.com\/casa-cultura\/wp-content\/uploads\/2024\/11\/concierto-santa-cecilia-legendarios-cullar-vega-2024-396x560.png 396w, https:\/\/cullarvega.com\/casa-cultura\/wp-content\/uploads\/2024\/11\/concierto-santa-cecilia-legendarios-cullar-vega-2024.png 1587w\" sizes=\"(max-width: 724px) 100vw, 724px\" \/><\/a><\/figure>\n","protected":false},"excerpt":{"rendered":"<p>El pr\u00f3ximo s\u00e1bado 23 de noviembre, a las 20:00 h, el auditorio de la Casa de la Cultura de C\u00fallar Vega vibrar\u00e1 al ritmo de las grandes leyendas del rock y pop. La Asociaci\u00f3n Musical de C\u00fallar Vega celebrar\u00e1 su trig\u00e9simo octavo Concierto en honor a Santa Cecilia, patrona de los m\u00fasicos, con una velada [&hellip;]<\/p>\n","protected":false},"author":1,"featured_media":21904,"comment_status":"closed","ping_status":"open","sticky":false,"template":"","format":"standard","meta":{"footnotes":""},"categories":[175],"tags":[],"class_list":["post-21889","post","type-post","status-publish","format-standard","has-post-thumbnail","hentry","category-teatro"],"_links":{"self":[{"href":"https:\/\/cullarvega.com\/casa-cultura\/wp-json\/wp\/v2\/posts\/21889","targetHints":{"allow":["GET"]}}],"collection":[{"href":"https:\/\/cullarvega.com\/casa-cultura\/wp-json\/wp\/v2\/posts"}],"about":[{"href":"https:\/\/cullarvega.com\/casa-cultura\/wp-json\/wp\/v2\/types\/post"}],"author":[{"embeddable":true,"href":"https:\/\/cullarvega.com\/casa-cultura\/wp-json\/wp\/v2\/users\/1"}],"replies":[{"embeddable":true,"href":"https:\/\/cullarvega.com\/casa-cultura\/wp-json\/wp\/v2\/comments?post=21889"}],"version-history":[{"count":7,"href":"https:\/\/cullarvega.com\/casa-cultura\/wp-json\/wp\/v2\/posts\/21889\/revisions"}],"predecessor-version":[{"id":21906,"href":"https:\/\/cullarvega.com\/casa-cultura\/wp-json\/wp\/v2\/posts\/21889\/revisions\/21906"}],"wp:featuredmedia":[{"embeddable":true,"href":"https:\/\/cullarvega.com\/casa-cultura\/wp-json\/wp\/v2\/media\/21904"}],"wp:attachment":[{"href":"https:\/\/cullarvega.com\/casa-cultura\/wp-json\/wp\/v2\/media?parent=21889"}],"wp:term":[{"taxonomy":"category","embeddable":true,"href":"https:\/\/cullarvega.com\/casa-cultura\/wp-json\/wp\/v2\/categories?post=21889"},{"taxonomy":"post_tag","embeddable":true,"href":"https:\/\/cullarvega.com\/casa-cultura\/wp-json\/wp\/v2\/tags?post=21889"}],"curies":[{"name":"wp","href":"https:\/\/api.w.org\/{rel}","templated":true}]}}