{"id":21883,"date":"2024-11-05T17:56:37","date_gmt":"2024-11-05T15:56:37","guid":{"rendered":"https:\/\/cullarvega.com\/casa-cultura\/?p=21883"},"modified":"2026-01-28T09:16:44","modified_gmt":"2026-01-28T07:16:44","slug":"taller-gratuito-sobre-los-derechos-del-consumidor-pienso-luego-consumo-el-jueves-14-de-noviembre","status":"publish","type":"post","link":"https:\/\/cullarvega.com\/casa-cultura\/taller-gratuito-sobre-los-derechos-del-consumidor-pienso-luego-consumo-el-jueves-14-de-noviembre\/","title":{"rendered":"taller gratuito sobre los derechos del consumidor \u00abPienso, luego consumo\u00bb el jueves 14 de noviembre"},"content":{"rendered":"\n<p>El <strong>jueves<\/strong> <strong>14 de noviembre de 2024 a las 18 h.<\/strong> tendr\u00e1 lugar un<strong> taller gratuito<\/strong> que brindar\u00e1 la oportunidad de fortalecer nuestros conocimientos en defensa y protecci\u00f3n de derechos en consumo.<\/p>\n\n\n\n<p>Durante el taller, se abordar\u00e1n temas como el uso de hojas de reclamaciones, la resoluci\u00f3n de conflictos sin costo para el consumidor y los organismos competentes en cada \u00e1rea.<\/p>\n\n\n\n<p>\u00a1No pierdas la oportunidad de conocer tus derechos en suministros, bancos, financieras, seguros y m\u00e1s! Anticiparte a posibles problemas para evitar ser enga\u00f1ado.<\/p>\n\n\n\n<p><strong>Fecha<\/strong>: 14 de noviembre de 2024<\/p>\n\n\n\n<p><strong>Lugar<\/strong>: Punto Vuela C\u00fallar Vega (Planta Superior \u2b06\ufe0f de la Casa de la Cultura de C\u00fallar Vega <a href=\"https:\/\/g.page\/centroguadalinfocullarvega\">https:\/\/g.page\/centroguadalinfocullarvega<\/a> )<\/p>\n\n\n\n<p>No es necesario inscripci\u00f3n, solo asistir aquellos que est\u00e9n interesados en la charla.  <\/p>\n\n\n\n<p>Subvencionado por la Consejer\u00eda de Salud y Consumo de la Junta de Andaluc\u00eda, organizado por FACUA Granada y en colaboraci\u00f3n con el Ayuntamiento de C\u00fallar Vega<\/p>\n\n\n\n<p>Subvencionado por la Consejer\u00eda de Salud y Consumo de la Junta de Andaluc\u00eda, organizado por FACUA Granada y en colaboraci\u00f3n con el Ayuntamiento de C\u00fallar Vega<\/p>\n\n\n\n<figure class=\"wp-block-image size-large\"><a href=\"https:\/\/cullarvega.com\/casa-cultura\/wp-content\/uploads\/2024\/11\/pienso-luego-consumo-taller-derechos-consumidor.jpg\"><img fetchpriority=\"high\" decoding=\"async\" width=\"724\" height=\"1024\" src=\"https:\/\/cullarvega.com\/casa-cultura\/wp-content\/uploads\/2024\/11\/pienso-luego-consumo-taller-derechos-consumidor-724x1024.jpg\" alt=\"\" class=\"wp-image-21884\" srcset=\"https:\/\/cullarvega.com\/casa-cultura\/wp-content\/uploads\/2024\/11\/pienso-luego-consumo-taller-derechos-consumidor-724x1024.jpg 724w, https:\/\/cullarvega.com\/casa-cultura\/wp-content\/uploads\/2024\/11\/pienso-luego-consumo-taller-derechos-consumidor-212x300.jpg 212w, https:\/\/cullarvega.com\/casa-cultura\/wp-content\/uploads\/2024\/11\/pienso-luego-consumo-taller-derechos-consumidor-768x1086.jpg 768w, https:\/\/cullarvega.com\/casa-cultura\/wp-content\/uploads\/2024\/11\/pienso-luego-consumo-taller-derechos-consumidor-1086x1536.jpg 1086w, https:\/\/cullarvega.com\/casa-cultura\/wp-content\/uploads\/2024\/11\/pienso-luego-consumo-taller-derechos-consumidor-424x600.jpg 424w, https:\/\/cullarvega.com\/casa-cultura\/wp-content\/uploads\/2024\/11\/pienso-luego-consumo-taller-derechos-consumidor-396x560.jpg 396w, https:\/\/cullarvega.com\/casa-cultura\/wp-content\/uploads\/2024\/11\/pienso-luego-consumo-taller-derechos-consumidor.jpg 1240w\" sizes=\"(max-width: 724px) 100vw, 724px\" \/><\/a><\/figure>\n","protected":false},"excerpt":{"rendered":"<p>El jueves 14 de noviembre de 2024 a las 18 h. tendr\u00e1 lugar un taller gratuito que brindar\u00e1 la oportunidad de fortalecer nuestros conocimientos en defensa y protecci\u00f3n de derechos en consumo. Durante el taller, se abordar\u00e1n temas como el uso de hojas de reclamaciones, la resoluci\u00f3n de conflictos sin costo para el consumidor y [&hellip;]<\/p>\n","protected":false},"author":1,"featured_media":21884,"comment_status":"closed","ping_status":"open","sticky":false,"template":"","format":"standard","meta":{"footnotes":""},"categories":[43],"tags":[],"class_list":["post-21883","post","type-post","status-publish","format-standard","has-post-thumbnail","hentry","category-punto-vuela"],"_links":{"self":[{"href":"https:\/\/cullarvega.com\/casa-cultura\/wp-json\/wp\/v2\/posts\/21883","targetHints":{"allow":["GET"]}}],"collection":[{"href":"https:\/\/cullarvega.com\/casa-cultura\/wp-json\/wp\/v2\/posts"}],"about":[{"href":"https:\/\/cullarvega.com\/casa-cultura\/wp-json\/wp\/v2\/types\/post"}],"author":[{"embeddable":true,"href":"https:\/\/cullarvega.com\/casa-cultura\/wp-json\/wp\/v2\/users\/1"}],"replies":[{"embeddable":true,"href":"https:\/\/cullarvega.com\/casa-cultura\/wp-json\/wp\/v2\/comments?post=21883"}],"version-history":[{"count":2,"href":"https:\/\/cullarvega.com\/casa-cultura\/wp-json\/wp\/v2\/posts\/21883\/revisions"}],"predecessor-version":[{"id":22220,"href":"https:\/\/cullarvega.com\/casa-cultura\/wp-json\/wp\/v2\/posts\/21883\/revisions\/22220"}],"wp:featuredmedia":[{"embeddable":true,"href":"https:\/\/cullarvega.com\/casa-cultura\/wp-json\/wp\/v2\/media\/21884"}],"wp:attachment":[{"href":"https:\/\/cullarvega.com\/casa-cultura\/wp-json\/wp\/v2\/media?parent=21883"}],"wp:term":[{"taxonomy":"category","embeddable":true,"href":"https:\/\/cullarvega.com\/casa-cultura\/wp-json\/wp\/v2\/categories?post=21883"},{"taxonomy":"post_tag","embeddable":true,"href":"https:\/\/cullarvega.com\/casa-cultura\/wp-json\/wp\/v2\/tags?post=21883"}],"curies":[{"name":"wp","href":"https:\/\/api.w.org\/{rel}","templated":true}]}}