{"id":21876,"date":"2024-10-28T20:37:21","date_gmt":"2024-10-28T18:37:21","guid":{"rendered":"https:\/\/cullarvega.com\/casa-cultura\/?p=21876"},"modified":"2024-11-19T17:59:13","modified_gmt":"2024-11-19T15:59:13","slug":"informacion-y-charla-sobre-el-telefono-de-la-esperanza","status":"publish","type":"post","link":"https:\/\/cullarvega.com\/casa-cultura\/informacion-y-charla-sobre-el-telefono-de-la-esperanza\/","title":{"rendered":"Informaci\u00f3n y Charla sobre el Tel\u00e9fono de la Esperanza"},"content":{"rendered":"\n<p>El Tel\u00e9fono de la Esperanza presta cursos y talleres de desarrollo personal, servicio de orientaci\u00f3n telef\u00f3nica 24 h, intervenci\u00f3n en entrevista personal y grupos de apoyo para crisis espec\u00edficas.<\/p>\n\n\n\n<p>Como parte de estas iniciativas, el pr\u00f3ximo 10 de diciembre de 2024, se llevar\u00e1 a cabo un taller para trabajar los problemas psicoemocionales. La actividad, que busca proporcionar herramientas pr\u00e1cticas para enfrentar y gestionar situaciones de conflicto emocional, se desarrollar\u00e1 en la Casa de la Cultura de C\u00fallar Vega a las 10:00 de la ma\u00f1ana.<\/p>\n\n\n\n<p>Quienes deseen obtener m\u00e1s informaci\u00f3n sobre este taller o acceder a los servicios del Tel\u00e9fono de la Esperanza pueden comunicarse a trav\u00e9s de sus l\u00edneas telef\u00f3nicas: <strong>958 261 516<\/strong> y <strong>717 003 717<\/strong>. La organizaci\u00f3n recuerda que su apoyo est\u00e1 disponible 24 horas al d\u00eda, los 365 d\u00edas del a\u00f1o.<\/p>\n\n\n\n<p>&#8211; <strong>D\u00eda<\/strong>: 10 de diciembre de 2024<\/p>\n\n\n\n<p>&#8211; <strong>Hora<\/strong>: 10 h.<\/p>\n\n\n\n<p>&#8211; <strong>Lugar<\/strong>: casa de la Cultura de C\u00fallar Vega<\/p>\n\n\n\n<p><strong>TEL\u00c9FONO<\/strong>S: 958 261 516  |  717 003 717<\/p>\n\n\n\n<figure class=\"wp-block-image size-large\"><a href=\"https:\/\/cullarvega.com\/casa-cultura\/wp-content\/uploads\/2024\/10\/charla-tlf-esperanza.jpeg\"><img fetchpriority=\"high\" decoding=\"async\" width=\"724\" height=\"1024\" src=\"https:\/\/cullarvega.com\/casa-cultura\/wp-content\/uploads\/2024\/10\/charla-tlf-esperanza-724x1024.jpeg\" alt=\"\" class=\"wp-image-21915\" srcset=\"https:\/\/cullarvega.com\/casa-cultura\/wp-content\/uploads\/2024\/10\/charla-tlf-esperanza-724x1024.jpeg 724w, https:\/\/cullarvega.com\/casa-cultura\/wp-content\/uploads\/2024\/10\/charla-tlf-esperanza-212x300.jpeg 212w, https:\/\/cullarvega.com\/casa-cultura\/wp-content\/uploads\/2024\/10\/charla-tlf-esperanza-768x1087.jpeg 768w, https:\/\/cullarvega.com\/casa-cultura\/wp-content\/uploads\/2024\/10\/charla-tlf-esperanza-1085x1536.jpeg 1085w, https:\/\/cullarvega.com\/casa-cultura\/wp-content\/uploads\/2024\/10\/charla-tlf-esperanza-424x600.jpeg 424w, https:\/\/cullarvega.com\/casa-cultura\/wp-content\/uploads\/2024\/10\/charla-tlf-esperanza-396x560.jpeg 396w, https:\/\/cullarvega.com\/casa-cultura\/wp-content\/uploads\/2024\/10\/charla-tlf-esperanza.jpeg 1447w\" sizes=\"(max-width: 724px) 100vw, 724px\" \/><\/a><\/figure>\n","protected":false},"excerpt":{"rendered":"<p>El Tel\u00e9fono de la Esperanza presta cursos y talleres de desarrollo personal, servicio de orientaci\u00f3n telef\u00f3nica 24 h, intervenci\u00f3n en entrevista personal y grupos de apoyo para crisis espec\u00edficas. Como parte de estas iniciativas, el pr\u00f3ximo 10 de diciembre de 2024, se llevar\u00e1 a cabo un taller para trabajar los problemas psicoemocionales. La actividad, que [&hellip;]<\/p>\n","protected":false},"author":1,"featured_media":21915,"comment_status":"closed","ping_status":"open","sticky":false,"template":"","format":"standard","meta":{"footnotes":""},"categories":[176],"tags":[],"class_list":["post-21876","post","type-post","status-publish","format-standard","has-post-thumbnail","hentry","category-formacion"],"_links":{"self":[{"href":"https:\/\/cullarvega.com\/casa-cultura\/wp-json\/wp\/v2\/posts\/21876","targetHints":{"allow":["GET"]}}],"collection":[{"href":"https:\/\/cullarvega.com\/casa-cultura\/wp-json\/wp\/v2\/posts"}],"about":[{"href":"https:\/\/cullarvega.com\/casa-cultura\/wp-json\/wp\/v2\/types\/post"}],"author":[{"embeddable":true,"href":"https:\/\/cullarvega.com\/casa-cultura\/wp-json\/wp\/v2\/users\/1"}],"replies":[{"embeddable":true,"href":"https:\/\/cullarvega.com\/casa-cultura\/wp-json\/wp\/v2\/comments?post=21876"}],"version-history":[{"count":2,"href":"https:\/\/cullarvega.com\/casa-cultura\/wp-json\/wp\/v2\/posts\/21876\/revisions"}],"predecessor-version":[{"id":21917,"href":"https:\/\/cullarvega.com\/casa-cultura\/wp-json\/wp\/v2\/posts\/21876\/revisions\/21917"}],"wp:featuredmedia":[{"embeddable":true,"href":"https:\/\/cullarvega.com\/casa-cultura\/wp-json\/wp\/v2\/media\/21915"}],"wp:attachment":[{"href":"https:\/\/cullarvega.com\/casa-cultura\/wp-json\/wp\/v2\/media?parent=21876"}],"wp:term":[{"taxonomy":"category","embeddable":true,"href":"https:\/\/cullarvega.com\/casa-cultura\/wp-json\/wp\/v2\/categories?post=21876"},{"taxonomy":"post_tag","embeddable":true,"href":"https:\/\/cullarvega.com\/casa-cultura\/wp-json\/wp\/v2\/tags?post=21876"}],"curies":[{"name":"wp","href":"https:\/\/api.w.org\/{rel}","templated":true}]}}