{"id":21862,"date":"2024-10-15T20:45:22","date_gmt":"2024-10-15T18:45:22","guid":{"rendered":"https:\/\/cullarvega.com\/casa-cultura\/?p=21862"},"modified":"2024-10-15T20:46:49","modified_gmt":"2024-10-15T18:46:49","slug":"sesion-formativa-sobre-derechos-del-arrendatario-ante-el-fin-de-contrato-de-alquiler","status":"publish","type":"post","link":"https:\/\/cullarvega.com\/casa-cultura\/sesion-formativa-sobre-derechos-del-arrendatario-ante-el-fin-de-contrato-de-alquiler\/","title":{"rendered":"Sesi\u00f3n Formativa sobre \u00abDerechos del arrendatario ante el fin de contrato de alquiler\u00bb"},"content":{"rendered":"\n<p>Conoce los derechos del las personas consumidores en el alquiler de vivienda al finalizar un contrato de alquiler y aprende c\u00f3mo protegerte y actuar ante diferentes situaciones legales relacionadas con la vivienda. <\/p>\n\n\n\n<p><strong>D\u00eda:<\/strong> Jueves 24 de octubre<\/p>\n\n\n\n<p><strong>Hora:<\/strong> 18 a 20 h.<\/p>\n\n\n\n<p><strong>Lugar:<\/strong> Punto Vuela C\u00fallar Vega (P\u00ba Jer\u00f3nimo de Rueda S\/N) <\/p>\n\n\n\n<p><em>No se requiere inscripci\u00f3n, solo asistencia.<\/em><\/p>\n\n\n\n<p><strong>M\u00e1s Info:<\/strong> env\u00eda un mensaje al Whatsapp 683 15 01 02<\/p>\n\n\n\n<figure class=\"wp-block-image size-large\"><a href=\"https:\/\/cullarvega.com\/casa-cultura\/wp-content\/uploads\/2024\/10\/derechos-arrendatario-ante-el-fin-contrato-alquiler-punto-vuela-cullar-vega.png\"><img fetchpriority=\"high\" decoding=\"async\" width=\"724\" height=\"1024\" src=\"https:\/\/cullarvega.com\/casa-cultura\/wp-content\/uploads\/2024\/10\/derechos-arrendatario-ante-el-fin-contrato-alquiler-punto-vuela-cullar-vega-724x1024.png\" alt=\"\" class=\"wp-image-21863\" srcset=\"https:\/\/cullarvega.com\/casa-cultura\/wp-content\/uploads\/2024\/10\/derechos-arrendatario-ante-el-fin-contrato-alquiler-punto-vuela-cullar-vega-724x1024.png 724w, https:\/\/cullarvega.com\/casa-cultura\/wp-content\/uploads\/2024\/10\/derechos-arrendatario-ante-el-fin-contrato-alquiler-punto-vuela-cullar-vega-212x300.png 212w, https:\/\/cullarvega.com\/casa-cultura\/wp-content\/uploads\/2024\/10\/derechos-arrendatario-ante-el-fin-contrato-alquiler-punto-vuela-cullar-vega-768x1086.png 768w, https:\/\/cullarvega.com\/casa-cultura\/wp-content\/uploads\/2024\/10\/derechos-arrendatario-ante-el-fin-contrato-alquiler-punto-vuela-cullar-vega-1086x1536.png 1086w, https:\/\/cullarvega.com\/casa-cultura\/wp-content\/uploads\/2024\/10\/derechos-arrendatario-ante-el-fin-contrato-alquiler-punto-vuela-cullar-vega-424x600.png 424w, https:\/\/cullarvega.com\/casa-cultura\/wp-content\/uploads\/2024\/10\/derechos-arrendatario-ante-el-fin-contrato-alquiler-punto-vuela-cullar-vega-396x560.png 396w, https:\/\/cullarvega.com\/casa-cultura\/wp-content\/uploads\/2024\/10\/derechos-arrendatario-ante-el-fin-contrato-alquiler-punto-vuela-cullar-vega.png 1414w\" sizes=\"(max-width: 724px) 100vw, 724px\" \/><\/a><\/figure>\n","protected":false},"excerpt":{"rendered":"<p>Conoce los derechos del las personas consumidores en el alquiler de vivienda al finalizar un contrato de alquiler y aprende c\u00f3mo protegerte y actuar ante diferentes situaciones legales relacionadas con la vivienda. D\u00eda: Jueves 24 de octubre Hora: 18 a 20 h. Lugar: Punto Vuela C\u00fallar Vega (P\u00ba Jer\u00f3nimo de Rueda S\/N) No se requiere [&hellip;]<\/p>\n","protected":false},"author":1,"featured_media":21863,"comment_status":"closed","ping_status":"open","sticky":false,"template":"","format":"standard","meta":{"footnotes":""},"categories":[43],"tags":[],"class_list":["post-21862","post","type-post","status-publish","format-standard","has-post-thumbnail","hentry","category-punto-vuela"],"_links":{"self":[{"href":"https:\/\/cullarvega.com\/casa-cultura\/wp-json\/wp\/v2\/posts\/21862","targetHints":{"allow":["GET"]}}],"collection":[{"href":"https:\/\/cullarvega.com\/casa-cultura\/wp-json\/wp\/v2\/posts"}],"about":[{"href":"https:\/\/cullarvega.com\/casa-cultura\/wp-json\/wp\/v2\/types\/post"}],"author":[{"embeddable":true,"href":"https:\/\/cullarvega.com\/casa-cultura\/wp-json\/wp\/v2\/users\/1"}],"replies":[{"embeddable":true,"href":"https:\/\/cullarvega.com\/casa-cultura\/wp-json\/wp\/v2\/comments?post=21862"}],"version-history":[{"count":2,"href":"https:\/\/cullarvega.com\/casa-cultura\/wp-json\/wp\/v2\/posts\/21862\/revisions"}],"predecessor-version":[{"id":21865,"href":"https:\/\/cullarvega.com\/casa-cultura\/wp-json\/wp\/v2\/posts\/21862\/revisions\/21865"}],"wp:featuredmedia":[{"embeddable":true,"href":"https:\/\/cullarvega.com\/casa-cultura\/wp-json\/wp\/v2\/media\/21863"}],"wp:attachment":[{"href":"https:\/\/cullarvega.com\/casa-cultura\/wp-json\/wp\/v2\/media?parent=21862"}],"wp:term":[{"taxonomy":"category","embeddable":true,"href":"https:\/\/cullarvega.com\/casa-cultura\/wp-json\/wp\/v2\/categories?post=21862"},{"taxonomy":"post_tag","embeddable":true,"href":"https:\/\/cullarvega.com\/casa-cultura\/wp-json\/wp\/v2\/tags?post=21862"}],"curies":[{"name":"wp","href":"https:\/\/api.w.org\/{rel}","templated":true}]}}