{"id":21837,"date":"2024-10-15T16:05:56","date_gmt":"2024-10-15T14:05:56","guid":{"rendered":"https:\/\/cullarvega.com\/casa-cultura\/?p=21837"},"modified":"2024-10-15T16:05:58","modified_gmt":"2024-10-15T14:05:58","slug":"taller-gratuito-proceso-de-escolarizacion-y-la-respuesta-educativa-a-alumnos-con-tea","status":"publish","type":"post","link":"https:\/\/cullarvega.com\/casa-cultura\/taller-gratuito-proceso-de-escolarizacion-y-la-respuesta-educativa-a-alumnos-con-tea\/","title":{"rendered":"Taller gratuito \u00abProceso de escolarizaci\u00f3n y la respuesta educativa a alumnos con TEA\u201d"},"content":{"rendered":"\n<p>El pr\u00f3ximo s\u00e1bado 19 de Octubre tendremos una nueva edici\u00f3n de la <strong>ESCUELA DE PADRES,<\/strong> acerca de un tema tan interesante como es <strong>EL PROCESO DE ESCOLARIZACI\u00d3N Y LA RESPUESTA EDUCATIVA A ALUMNOS CON TEA<\/strong><\/p>\n\n\n\n<p>En esta ocasi\u00f3n ser\u00e1 <strong>Patricia<\/strong> <strong>Rold\u00e1n<\/strong>, madre de una persona con TEA y maestra de secundaria, quien nos hablar\u00e1 sobre legislaci\u00f3n educativa y proceso de escolarizaci\u00f3n de nuestros alumnos y otros temas relacionados.<\/p>\n\n\n\n<p>Consideramos esta jornada de gran inter\u00e9s para todos de vosotros cuyos hijos se encuentren en edad escolar.<\/p>\n\n\n\n<p>&#8211; FECHA: S\u00e1bado 19 de Octubre<\/p>\n\n\n\n<p>&#8211; HORARIO: De 10:30 a 12:30h<\/p>\n\n\n\n<p><\/p>\n\n\n\n<p>Si est\u00e1s interesado, puedes inscribirte aqu\u00ed: <a href=\"https:\/\/docs.google.com\/forms\/d\/e\/1FAIpQLSfiUGIJjm6Utx_y1KlUy6OaEXdfOiyqpneoyYTmqfb7WAlIKw\/viewform?usp=sf_link\">https:\/\/docs.google.com\/forms\/d\/e\/1FAIpQLSfiUGIJjm6Utx_y1KlUy6OaEXdfOiyqpneoyYTmqfb7WAlIKw\/viewform?usp=sf_link<\/a><\/p>\n\n\n\n<figure class=\"wp-block-image size-large\"><a href=\"https:\/\/cullarvega.com\/casa-cultura\/wp-content\/uploads\/2024\/10\/proceso-escolarizacion-alumnostea-escuela-padres.jpeg\"><img fetchpriority=\"high\" decoding=\"async\" width=\"576\" height=\"1024\" src=\"https:\/\/cullarvega.com\/casa-cultura\/wp-content\/uploads\/2024\/10\/proceso-escolarizacion-alumnostea-escuela-padres-576x1024.jpeg\" alt=\"\" class=\"wp-image-21838\" srcset=\"https:\/\/cullarvega.com\/casa-cultura\/wp-content\/uploads\/2024\/10\/proceso-escolarizacion-alumnostea-escuela-padres-576x1024.jpeg 576w, https:\/\/cullarvega.com\/casa-cultura\/wp-content\/uploads\/2024\/10\/proceso-escolarizacion-alumnostea-escuela-padres-169x300.jpeg 169w, https:\/\/cullarvega.com\/casa-cultura\/wp-content\/uploads\/2024\/10\/proceso-escolarizacion-alumnostea-escuela-padres-768x1365.jpeg 768w, https:\/\/cullarvega.com\/casa-cultura\/wp-content\/uploads\/2024\/10\/proceso-escolarizacion-alumnostea-escuela-padres-864x1536.jpeg 864w, https:\/\/cullarvega.com\/casa-cultura\/wp-content\/uploads\/2024\/10\/proceso-escolarizacion-alumnostea-escuela-padres-338x600.jpeg 338w, https:\/\/cullarvega.com\/casa-cultura\/wp-content\/uploads\/2024\/10\/proceso-escolarizacion-alumnostea-escuela-padres-315x560.jpeg 315w, https:\/\/cullarvega.com\/casa-cultura\/wp-content\/uploads\/2024\/10\/proceso-escolarizacion-alumnostea-escuela-padres.jpeg 900w\" sizes=\"(max-width: 576px) 100vw, 576px\" \/><\/a><\/figure>\n","protected":false},"excerpt":{"rendered":"<p>El pr\u00f3ximo s\u00e1bado 19 de Octubre tendremos una nueva edici\u00f3n de la ESCUELA DE PADRES, acerca de un tema tan interesante como es EL PROCESO DE ESCOLARIZACI\u00d3N Y LA RESPUESTA EDUCATIVA A ALUMNOS CON TEA En esta ocasi\u00f3n ser\u00e1 Patricia Rold\u00e1n, madre de una persona con TEA y maestra de secundaria, quien nos hablar\u00e1 sobre [&hellip;]<\/p>\n","protected":false},"author":1,"featured_media":21838,"comment_status":"closed","ping_status":"open","sticky":false,"template":"","format":"standard","meta":{"footnotes":""},"categories":[176],"tags":[],"class_list":["post-21837","post","type-post","status-publish","format-standard","has-post-thumbnail","hentry","category-formacion"],"_links":{"self":[{"href":"https:\/\/cullarvega.com\/casa-cultura\/wp-json\/wp\/v2\/posts\/21837","targetHints":{"allow":["GET"]}}],"collection":[{"href":"https:\/\/cullarvega.com\/casa-cultura\/wp-json\/wp\/v2\/posts"}],"about":[{"href":"https:\/\/cullarvega.com\/casa-cultura\/wp-json\/wp\/v2\/types\/post"}],"author":[{"embeddable":true,"href":"https:\/\/cullarvega.com\/casa-cultura\/wp-json\/wp\/v2\/users\/1"}],"replies":[{"embeddable":true,"href":"https:\/\/cullarvega.com\/casa-cultura\/wp-json\/wp\/v2\/comments?post=21837"}],"version-history":[{"count":1,"href":"https:\/\/cullarvega.com\/casa-cultura\/wp-json\/wp\/v2\/posts\/21837\/revisions"}],"predecessor-version":[{"id":21839,"href":"https:\/\/cullarvega.com\/casa-cultura\/wp-json\/wp\/v2\/posts\/21837\/revisions\/21839"}],"wp:featuredmedia":[{"embeddable":true,"href":"https:\/\/cullarvega.com\/casa-cultura\/wp-json\/wp\/v2\/media\/21838"}],"wp:attachment":[{"href":"https:\/\/cullarvega.com\/casa-cultura\/wp-json\/wp\/v2\/media?parent=21837"}],"wp:term":[{"taxonomy":"category","embeddable":true,"href":"https:\/\/cullarvega.com\/casa-cultura\/wp-json\/wp\/v2\/categories?post=21837"},{"taxonomy":"post_tag","embeddable":true,"href":"https:\/\/cullarvega.com\/casa-cultura\/wp-json\/wp\/v2\/tags?post=21837"}],"curies":[{"name":"wp","href":"https:\/\/api.w.org\/{rel}","templated":true}]}}