{"id":21810,"date":"2024-10-09T07:50:55","date_gmt":"2024-10-09T05:50:55","guid":{"rendered":"https:\/\/cullarvega.com\/casa-cultura\/?p=21810"},"modified":"2024-10-09T07:50:56","modified_gmt":"2024-10-09T05:50:56","slug":"orografias-oniricas-exposicion-de-antonio-mezcua-lopez-hasta-el-6-de-noviembre-en-cullar-vega","status":"publish","type":"post","link":"https:\/\/cullarvega.com\/casa-cultura\/orografias-oniricas-exposicion-de-antonio-mezcua-lopez-hasta-el-6-de-noviembre-en-cullar-vega\/","title":{"rendered":"\u00abOrograf\u00edas On\u00edricas\u00bb exposici\u00f3n de Antonio Mezcua L\u00f3pez hasta el 6 de Noviembre en C\u00fallar Vega"},"content":{"rendered":"\n<p>La Sala de Exposiciones de la Casa de la Cultura de C\u00fallar Vega acoge una muestra de&nbsp;<strong>Antonio Mezcua L\u00f3pez<\/strong>, titulada&nbsp;<em>\u00abOrograf\u00edas On\u00edricas\u00bb<\/em>. La exposici\u00f3n, que estar\u00e1 abierta al p\u00fablico hasta el pr\u00f3ximo 6 de noviembre, invita a los visitantes a explorar un paisaje interior donde lo abstracto y lo figurativo se entrelazan en un recorrido visual de gran intensidad.<\/p>\n\n\n\n<p>Antonio Jos\u00e9 Mezcua L\u00f3pez es profesor de Arte en la Universidad de Granada desde 2015. Como artista hizo su formaci\u00f3n en China estudiando las t\u00e9cnicas tradicionales de la pintura en agua-tinta. Adem\u00e1s del estudio b\u00e1sico delas t\u00e9cnicas de caligraf\u00eda, maneja los estilos de pintura ideogr\u00e1fica (xieyi), los del pincel ordenado (gongbi) as\u00ed como las t\u00e9cnicas m\u00e1s expresionistas de la Ruptura de la tinta (pomo). Su trabajo se ha desarrollado en la adaptaci\u00f3n de los lenguajes tradicionales a la pintura abstracta, situ\u00e1ndose en l\u00ednea con las escuelas de Hong Kong y Taiwan. Tambi\u00e9n ha trabajado los lenguajes de la fotograf\u00eda, el videoarte y la performance.<\/p>\n\n\n\n<p><strong>D\u00edas<\/strong>: 7 de octubre al 6de noviembre<\/p>\n\n\n\n<p><strong>Lugar<\/strong>: Sala de Exposiciones Casa de la Cultura de C\u00fallar Vega (<a href=\"https:\/\/g.co\/kgs\/dgjMYUJ\">https:\/\/g.co\/kgs\/dgjMYUJ<\/a>)<\/p>\n\n\n\n<p><a href=\"https:\/\/www.cullarvega.com\/wp-content\/uploads\/2024\/10\/orografias-oniricas-sala-exposiciones-cullar-vega-antonio-mezcua-lopez.jpeg\"><\/a><\/p>\n\n\n\n<figure class=\"wp-block-image size-large\"><a href=\"https:\/\/cullarvega.com\/casa-cultura\/wp-content\/uploads\/2024\/10\/orografias-oniricas-sala-exposiciones-cullar-vega-antonio-mezcua-lopez.jpeg\"><img fetchpriority=\"high\" decoding=\"async\" width=\"724\" height=\"1024\" src=\"https:\/\/cullarvega.com\/casa-cultura\/wp-content\/uploads\/2024\/10\/orografias-oniricas-sala-exposiciones-cullar-vega-antonio-mezcua-lopez-724x1024.jpeg\" alt=\"\" class=\"wp-image-21811\" srcset=\"https:\/\/cullarvega.com\/casa-cultura\/wp-content\/uploads\/2024\/10\/orografias-oniricas-sala-exposiciones-cullar-vega-antonio-mezcua-lopez-724x1024.jpeg 724w, https:\/\/cullarvega.com\/casa-cultura\/wp-content\/uploads\/2024\/10\/orografias-oniricas-sala-exposiciones-cullar-vega-antonio-mezcua-lopez-212x300.jpeg 212w, https:\/\/cullarvega.com\/casa-cultura\/wp-content\/uploads\/2024\/10\/orografias-oniricas-sala-exposiciones-cullar-vega-antonio-mezcua-lopez-768x1086.jpeg 768w, https:\/\/cullarvega.com\/casa-cultura\/wp-content\/uploads\/2024\/10\/orografias-oniricas-sala-exposiciones-cullar-vega-antonio-mezcua-lopez-1086x1536.jpeg 1086w, https:\/\/cullarvega.com\/casa-cultura\/wp-content\/uploads\/2024\/10\/orografias-oniricas-sala-exposiciones-cullar-vega-antonio-mezcua-lopez-424x600.jpeg 424w, https:\/\/cullarvega.com\/casa-cultura\/wp-content\/uploads\/2024\/10\/orografias-oniricas-sala-exposiciones-cullar-vega-antonio-mezcua-lopez-396x560.jpeg 396w, https:\/\/cullarvega.com\/casa-cultura\/wp-content\/uploads\/2024\/10\/orografias-oniricas-sala-exposiciones-cullar-vega-antonio-mezcua-lopez.jpeg 1131w\" sizes=\"(max-width: 724px) 100vw, 724px\" \/><\/a><\/figure>\n","protected":false},"excerpt":{"rendered":"<p>La Sala de Exposiciones de la Casa de la Cultura de C\u00fallar Vega acoge una muestra de&nbsp;Antonio Mezcua L\u00f3pez, titulada&nbsp;\u00abOrograf\u00edas On\u00edricas\u00bb. La exposici\u00f3n, que estar\u00e1 abierta al p\u00fablico hasta el pr\u00f3ximo 6 de noviembre, invita a los visitantes a explorar un paisaje interior donde lo abstracto y lo figurativo se entrelazan en un recorrido visual [&hellip;]<\/p>\n","protected":false},"author":1,"featured_media":21811,"comment_status":"closed","ping_status":"open","sticky":false,"template":"","format":"standard","meta":{"footnotes":""},"categories":[118],"tags":[],"class_list":["post-21810","post","type-post","status-publish","format-standard","has-post-thumbnail","hentry","category-sala-exposiciones"],"_links":{"self":[{"href":"https:\/\/cullarvega.com\/casa-cultura\/wp-json\/wp\/v2\/posts\/21810","targetHints":{"allow":["GET"]}}],"collection":[{"href":"https:\/\/cullarvega.com\/casa-cultura\/wp-json\/wp\/v2\/posts"}],"about":[{"href":"https:\/\/cullarvega.com\/casa-cultura\/wp-json\/wp\/v2\/types\/post"}],"author":[{"embeddable":true,"href":"https:\/\/cullarvega.com\/casa-cultura\/wp-json\/wp\/v2\/users\/1"}],"replies":[{"embeddable":true,"href":"https:\/\/cullarvega.com\/casa-cultura\/wp-json\/wp\/v2\/comments?post=21810"}],"version-history":[{"count":1,"href":"https:\/\/cullarvega.com\/casa-cultura\/wp-json\/wp\/v2\/posts\/21810\/revisions"}],"predecessor-version":[{"id":21812,"href":"https:\/\/cullarvega.com\/casa-cultura\/wp-json\/wp\/v2\/posts\/21810\/revisions\/21812"}],"wp:featuredmedia":[{"embeddable":true,"href":"https:\/\/cullarvega.com\/casa-cultura\/wp-json\/wp\/v2\/media\/21811"}],"wp:attachment":[{"href":"https:\/\/cullarvega.com\/casa-cultura\/wp-json\/wp\/v2\/media?parent=21810"}],"wp:term":[{"taxonomy":"category","embeddable":true,"href":"https:\/\/cullarvega.com\/casa-cultura\/wp-json\/wp\/v2\/categories?post=21810"},{"taxonomy":"post_tag","embeddable":true,"href":"https:\/\/cullarvega.com\/casa-cultura\/wp-json\/wp\/v2\/tags?post=21810"}],"curies":[{"name":"wp","href":"https:\/\/api.w.org\/{rel}","templated":true}]}}