{"id":21802,"date":"2024-10-01T15:36:22","date_gmt":"2024-10-01T13:36:22","guid":{"rendered":"https:\/\/cullarvega.com\/casa-cultura\/?p=21802"},"modified":"2024-10-09T07:54:00","modified_gmt":"2024-10-09T05:54:00","slug":"victor-castigao-con-dos-cojones-en-cullar-vega-el-19-de-octubre","status":"publish","type":"post","link":"https:\/\/cullarvega.com\/casa-cultura\/victor-castigao-con-dos-cojones-en-cullar-vega-el-19-de-octubre\/","title":{"rendered":"V\u00edctor Castigao \u00abCon Dos Cojones\u00bb en C\u00fallar Vega el 19 de octubre"},"content":{"rendered":"\n<p>\u00abCon dos cojones\u00bb es un mon\u00f3logo para adultos que vienen ofendidos ya de casa y con ganas de re\u00edr tocando temas actuales desde un punto de vista fresco y con sorpresas. <\/p>\n\n\n\n<p>La energ\u00eda de este espect\u00e1culo har\u00e1 que pases por muchos estados de \u00e1nimo.<\/p>\n\n\n\n<p>Recomendado para mayores de 16 a\u00f1os<\/p>\n\n\n\n<p>&#8211; <strong>D\u00eda<\/strong>:  s\u00e1bado 19 de octubre<\/p>\n\n\n\n<p>&#8211; <strong>Hora<\/strong>: 20:00 h<\/p>\n\n\n\n<p>&#8211; <strong>Lugar<\/strong>: Teatro de la Casa de la Cultura de C\u00fallar Vega<\/p>\n\n\n\n<p>&#8211; <strong>Entrada<\/strong>: 5 \u20ac desde el siguiente enlace: <a href=\"https:\/\/www.giglon.com\/evento\/victor-castigao-con-dos-cojones\" target=\"_blank\" rel=\"noreferrer noopener\">https:\/\/www.giglon.com\/evento\/victor-castigao-con-dos-cojones<\/a><\/p>\n\n\n\n<script src='https:\/\/www.giglon.com\/html\/js\/liferay\/widget.js' type='text\/javascript'><\/script><script type='text\/javascript'>Liferay.Widget({url:'https:\/\/www.giglon.com\/widget\/web\/guest\/compra-integrada\/-\/cip_WAR_giglonportlet_INSTANCE_xkBCzypyXP4y?widget=true&userIdWidget=3075909&salaIdWidget=0&artistaIdWidget=0&eventoId=0'});<\/script>\n\n\n\n<div style=\"height:100px\" aria-hidden=\"true\" class=\"wp-block-spacer\"><\/div>\n\n\n\n<figure class=\"wp-block-image size-large\"><a href=\"https:\/\/cullarvega.com\/casa-cultura\/wp-content\/uploads\/2024\/10\/IMG-20241003-WA0003.jpg\"><img fetchpriority=\"high\" decoding=\"async\" width=\"724\" height=\"1024\" src=\"https:\/\/cullarvega.com\/casa-cultura\/wp-content\/uploads\/2024\/10\/IMG-20241003-WA0003-724x1024.jpg\" alt=\"\" class=\"wp-image-21815\" srcset=\"https:\/\/cullarvega.com\/casa-cultura\/wp-content\/uploads\/2024\/10\/IMG-20241003-WA0003-724x1024.jpg 724w, https:\/\/cullarvega.com\/casa-cultura\/wp-content\/uploads\/2024\/10\/IMG-20241003-WA0003-212x300.jpg 212w, https:\/\/cullarvega.com\/casa-cultura\/wp-content\/uploads\/2024\/10\/IMG-20241003-WA0003-768x1086.jpg 768w, https:\/\/cullarvega.com\/casa-cultura\/wp-content\/uploads\/2024\/10\/IMG-20241003-WA0003-1086x1536.jpg 1086w, https:\/\/cullarvega.com\/casa-cultura\/wp-content\/uploads\/2024\/10\/IMG-20241003-WA0003-424x600.jpg 424w, https:\/\/cullarvega.com\/casa-cultura\/wp-content\/uploads\/2024\/10\/IMG-20241003-WA0003-396x560.jpg 396w, https:\/\/cullarvega.com\/casa-cultura\/wp-content\/uploads\/2024\/10\/IMG-20241003-WA0003.jpg 1131w\" sizes=\"(max-width: 724px) 100vw, 724px\" \/><\/a><\/figure>\n","protected":false},"excerpt":{"rendered":"<p>\u00abCon dos cojones\u00bb es un mon\u00f3logo para adultos que vienen ofendidos ya de casa y con ganas de re\u00edr tocando temas actuales desde un punto de vista fresco y con sorpresas. La energ\u00eda de este espect\u00e1culo har\u00e1 que pases por muchos estados de \u00e1nimo. Recomendado para mayores de 16 a\u00f1os &#8211; D\u00eda: s\u00e1bado 19 de [&hellip;]<\/p>\n","protected":false},"author":1,"featured_media":21815,"comment_status":"closed","ping_status":"open","sticky":false,"template":"","format":"standard","meta":{"footnotes":""},"categories":[175],"tags":[],"class_list":["post-21802","post","type-post","status-publish","format-standard","has-post-thumbnail","hentry","category-teatro"],"_links":{"self":[{"href":"https:\/\/cullarvega.com\/casa-cultura\/wp-json\/wp\/v2\/posts\/21802","targetHints":{"allow":["GET"]}}],"collection":[{"href":"https:\/\/cullarvega.com\/casa-cultura\/wp-json\/wp\/v2\/posts"}],"about":[{"href":"https:\/\/cullarvega.com\/casa-cultura\/wp-json\/wp\/v2\/types\/post"}],"author":[{"embeddable":true,"href":"https:\/\/cullarvega.com\/casa-cultura\/wp-json\/wp\/v2\/users\/1"}],"replies":[{"embeddable":true,"href":"https:\/\/cullarvega.com\/casa-cultura\/wp-json\/wp\/v2\/comments?post=21802"}],"version-history":[{"count":4,"href":"https:\/\/cullarvega.com\/casa-cultura\/wp-json\/wp\/v2\/posts\/21802\/revisions"}],"predecessor-version":[{"id":21816,"href":"https:\/\/cullarvega.com\/casa-cultura\/wp-json\/wp\/v2\/posts\/21802\/revisions\/21816"}],"wp:featuredmedia":[{"embeddable":true,"href":"https:\/\/cullarvega.com\/casa-cultura\/wp-json\/wp\/v2\/media\/21815"}],"wp:attachment":[{"href":"https:\/\/cullarvega.com\/casa-cultura\/wp-json\/wp\/v2\/media?parent=21802"}],"wp:term":[{"taxonomy":"category","embeddable":true,"href":"https:\/\/cullarvega.com\/casa-cultura\/wp-json\/wp\/v2\/categories?post=21802"},{"taxonomy":"post_tag","embeddable":true,"href":"https:\/\/cullarvega.com\/casa-cultura\/wp-json\/wp\/v2\/tags?post=21802"}],"curies":[{"name":"wp","href":"https:\/\/api.w.org\/{rel}","templated":true}]}}