{"id":21791,"date":"2024-09-28T08:43:17","date_gmt":"2024-09-28T06:43:17","guid":{"rendered":"https:\/\/cullarvega.com\/casa-cultura\/?p=21791"},"modified":"2024-10-09T07:55:09","modified_gmt":"2024-10-09T05:55:09","slug":"iii-escuela-de-formacion-en-igualdad-ana-orantes-del-22-al-23-de-octubre","status":"publish","type":"post","link":"https:\/\/cullarvega.com\/casa-cultura\/iii-escuela-de-formacion-en-igualdad-ana-orantes-del-22-al-23-de-octubre\/","title":{"rendered":"III Escuela de Formaci\u00f3n en Igualdad \u00abANA ORANTES\u00bb del 22 al 23 de octubre"},"content":{"rendered":"\n<p>Os invitamos a participar en la&nbsp;<strong>III Edici\u00f3n de la Escuela de Igualdad \u00abAna Orantes\u00bb&nbsp;<\/strong>que este a\u00f1o tendr\u00e1 como t\u00edtulo&nbsp;<strong><em>Feminismo Digital: Act\u00faa frente a la ciberviolencia<\/em><\/strong>, y que se desarrollar\u00e1 los pr\u00f3ximos&nbsp;<strong>22 y 23 de octubre de 2024&nbsp;<\/strong>en la Casa de la Cultura de C\u00fallar Vega. La Escuela constar\u00e1 de ponencias de personas expertas en el tema, actividades paralelas y actividades culturales.<\/p>\n\n\n\n<p>Este proyecto fue galardonado en 2023 con el&nbsp;<em><strong>Premio Menina Andaluc\u00eda contra la violencia de g\u00e9nero&nbsp;<\/strong><\/em>por su creaci\u00f3n y mantenimiento.&nbsp;<\/p>\n\n\n\n<p>Las ponencias se retransmitir\u00e1n&nbsp;<strong>en directo en el canal de YouTube<\/strong>&nbsp;del Ayuntamiento de C\u00fallar Vega.&nbsp;<\/p>\n\n\n\n<p>La&nbsp;<strong>inscripci\u00f3n&nbsp;<\/strong>podr\u00e1 realizarse en los siguientes enlaces o descargando los c\u00f3digos QR que aparecen en el programa:<\/p>\n\n\n\n<p><strong>&#8211; Inscripci\u00f3n general (sin cr\u00e9ditos ECTS):<\/strong>&nbsp;<a href=\"http:\/\/bit.ly\/3TGcVc7\" target=\"_blank\" rel=\"noreferrer noopener\">http:\/\/bit.ly\/3TGcVc7<\/a><\/p>\n\n\n\n<p><strong>&#8211; Inscripci\u00f3n para alumnado universitario (con cr\u00e9ditos ECTS):<\/strong>&nbsp;<a href=\"https:\/\/bit.ly\/4ekbx7u\" target=\"_blank\" rel=\"noreferrer noopener\">https:\/\/bit.ly\/4ekbx7u<\/a><\/p>\n\n\n\n<p>Para obtener el&nbsp;<strong>certificado de asistencia&nbsp;<\/strong>es&nbsp;necesario acudir a todas las ponencias de la tarde (martes y mi\u00e9rcoles) y podr\u00e1 recogerse tras la finalizaci\u00f3n de la Escuela.<\/p>\n\n\n\n<p>Recordamos que habr\u00e1 servicio de <strong>catering <\/strong>durante todas las jornadas.&nbsp;<\/p>\n\n\n\n<p>&#8212;-<\/p>\n\n\n\n<p><strong>PROGRAMACI\u00d3N DE ACTIVIDADES<\/strong><\/p>\n\n\n\n<p><strong>MARTES 22 DE OCTUBRE<\/strong><\/p>\n\n\n\n<p><strong>&#8211; 17.00 h.<\/strong> <strong>ACTO INAUGURAL<\/strong>. Presenta y modera: <strong>Miriam Sanju\u00e1n G\u00f3mez <\/strong>(Concejala Salud, pol\u00edticas de Igualdad, Diversidad y Formaci\u00f3n del Ayuntamiento de C\u00fallar Vega). Intervienen: <strong>Mar Venegas Medina <\/strong>(Vicerrectora de Igualdad, Inclusi\u00f3n y Compromiso Social de la UGR), <strong>Mar\u00eda Elena Duque Merino<\/strong> (Diputada Delegada de Bienestar Social, Igualdad y Familia de Diputaci\u00f3n de Granada), <strong>Jos\u00e9 Antonio Montilla Martos <\/strong>(Subdelegado del Gobierno en Granada) y <strong>Jorge S\u00e1nchez Cabrera  <\/strong>(Alcalde de C\u00fallar Vega)<\/p>\n\n\n\n<p><strong>&#8211; 17.30 h. ACTUACI\u00d3N DE ONIRIA<\/strong> Artes Esc\u00e9nicas contra las violencias machistas.<\/p>\n\n\n\n<p><strong>&#8211; 18.00 h<\/strong>. <strong>PONENCIA MARCO<\/strong>: \u00ab<strong>MASCULINIDAD DIGITAL. NO S\u00d3LO MACHOSFERA<\/strong>\u00bb con <strong>Miguel Lorente Acosta<\/strong> (Profesor de Medicina Legal en la Universidad de Granada y Experto internacional en violencia contra las mujeres). Presenta y modera: <strong>D\u00aa Mar\u00eda del Mar Daza Bonachela <\/strong>(Asesora juridica del CMIM de C\u00fallar Vega y Victim\u00f3loga)<\/p>\n\n\n\n<p><strong>&#8211; 19.15 h.<\/strong> <strong>CHARLA INTERACTIVA FEMINISMO 2.0<\/strong>. \u00abVisibilidad y discurso feminista en las redes sociales\u00bb. <strong>Towanda Rebels<\/strong>: <strong>Zua M\u00e9ndez <\/strong>(humanista) y <strong>Teresa Lozano<\/strong> (periodista) son las creadoras de Towanda Rebels, un canal de comunicaci\u00f3n, divulgaci\u00f3n y formaci\u00f3n feminista. Presenta y modera: D\u00aa <strong>Marisol L\u00f3pez Medina <\/strong>(T\u00e9cnica de igualdad del CMIM de C\u00fallar Vega y Psic\u00f3loga Experta en Intervenci\u00f3n Social y Responsable t\u00e9cnica de la Escuela)<\/p>\n\n\n\n<p>&#8212;-<\/p>\n\n\n\n<p><strong>MI\u00c9RCOLES 23 DE OCTUBRE<\/strong><\/p>\n\n\n\n<p><strong>&#8211; 16.30 h<\/strong>. <strong>INTERVENCI\u00d3N ART\u00cdSTICA EF\u00cdMERA \u00abSILENCIO ROTO\u00bb<\/strong>. <strong>Susana Cano <\/strong>(Artista pl\u00e1stica) en el monolito dedicado al recuerdo de nuestras vecinas asesinadas y de otras muchas que sufrieron y siguen sufriendo la violencia. <strong>Lugar<\/strong>: Monolito frente a la Casa de la Cultura.<\/p>\n\n\n\n<p><strong>&#8211; 17.00 h<\/strong>. <strong>MESA REDONDA<\/strong>: <strong>\u00bfME PUEDO DIVERTIR SIN VIOLENCIA?<\/strong> Lo l\u00fadico en el mundo digital con <strong>Lula G\u00f3mez<\/strong> (Guionista, podcaster, realizadora audiovisual y creadora de Eres una caca, serie justiciera en stop motion),<strong> Marina Amores<\/strong> (Comunicadora audiovisual. Autora de varios documentales y especializada en videojuegos y g\u00e9nero, organizadora de Gaming Ladies, evento dedicado a la industria del videojuego exclusivo de mujeres). Presenta y modera<strong>: D\u00aa. Marisol L\u00f3pez Medina<\/strong> (T\u00e9cnica de igualdad del CMIM de C\u00fallar Vega y Psic\u00f3loga Experta en Intervenci\u00f3n Social. Responsable t\u00e9cnica de la Escuela.)<\/p>\n\n\n\n<p><strong>&#8211; 18.30 h. <\/strong>T<strong>ALLER TIKTOKTRATA<\/strong> con <strong>Mabel<\/strong> <strong>Lozano <\/strong>(Escritora, guionista, directora y productora de historias que merecen ser contadas. Vocera contra la esclavitud sexual. Galardonada con dos Premio Goya). Presenta y modera: <strong>D\u00aa Mar\u00eda del Mar Daza Bonachela<\/strong> (Asesora jur\u00eddica del CMIM de C\u00fallar Vega y Victim\u00f3loga)<\/p>\n\n\n\n<p><strong>&#8211; 20.00 h. ACTO DE CLAUSURA <\/strong>con <strong>Miriam Sanju\u00e1n G\u00f3mez <\/strong>(Concejala Salud, Pol\u00edticas de Igualdad, Diversidad y Formaci\u00f3n del Ayuntamiento de C\u00fallar Vega) y <strong>Jorge S\u00e1nchez Cabrera<\/strong> (Alcalde de C\u00fallar Vega)<\/p>\n\n\n\n<p>&#8212;-<\/p>\n\n\n\n<p><strong>ACTIVIDADES PARALELAS<\/strong><\/p>\n\n\n\n<p><strong>Martes 22 de octubre <\/strong> &#8211; de 9.30 a 12.30 h<strong>. TALLER HIPERSEXUALIZACI\u00d3N, REDES SOCIALES Y AUTOESTIMA<\/strong>. <strong>Ana Portillo Portillo<\/strong> (Psic\u00f3loga, sex\u00f3loga y t\u00e9cnica de igualdad de la Unidad de Igualdad y Conciliaci\u00f3n de la Universidad de Granada). Dirigido a todas las mujeres interesadas. Lugar: Sala de Exposiciones de la Casa de la Cultura. <\/p>\n\n\n\n<p><strong>Mi\u00e9rcoles 23 de octubre &#8211; <\/strong>10.00 h<strong>. CHARLA INTERACTIVA  VIDEOJUEGOS CON GAFAS VIOLETA<\/strong>. <strong>Marina Amores<\/strong> (Comunicadora audiovisual. Autora de varios documentales y especializada en videojuegos y g\u00e9nero. Organizadora de Gaming Ladies, evento dedicado a la industria del videojuego exclusivo de mujeres). Dirigida al alumnado del IES \u00abArabuleila\u00bb. Lugar: Teatro de la Casa de la Cultura.<\/p>\n\n\n\n<figure class=\"wp-block-gallery has-nested-images columns-default is-cropped wp-block-gallery-1 is-layout-flex wp-block-gallery-is-layout-flex\">\n<figure class=\"wp-block-image size-large\"><a href=\"https:\/\/cullarvega.com\/casa-cultura\/wp-content\/uploads\/2024\/09\/1000242898.jpg\" target=\"_blank\" rel=\"noopener\"><img fetchpriority=\"high\" decoding=\"async\" width=\"1024\" height=\"717\" data-id=\"21819\" src=\"https:\/\/cullarvega.com\/casa-cultura\/wp-content\/uploads\/2024\/09\/1000242898-1024x717.jpg\" alt=\"\" class=\"wp-image-21819\" srcset=\"https:\/\/cullarvega.com\/casa-cultura\/wp-content\/uploads\/2024\/09\/1000242898-1024x717.jpg 1024w, https:\/\/cullarvega.com\/casa-cultura\/wp-content\/uploads\/2024\/09\/1000242898-300x210.jpg 300w, https:\/\/cullarvega.com\/casa-cultura\/wp-content\/uploads\/2024\/09\/1000242898-768x538.jpg 768w, https:\/\/cullarvega.com\/casa-cultura\/wp-content\/uploads\/2024\/09\/1000242898-1536x1075.jpg 1536w, https:\/\/cullarvega.com\/casa-cultura\/wp-content\/uploads\/2024\/09\/1000242898-600x420.jpg 600w, https:\/\/cullarvega.com\/casa-cultura\/wp-content\/uploads\/2024\/09\/1000242898-560x392.jpg 560w, https:\/\/cullarvega.com\/casa-cultura\/wp-content\/uploads\/2024\/09\/1000242898.jpg 1600w\" sizes=\"(max-width: 1024px) 100vw, 1024px\" \/><\/a><\/figure>\n\n\n\n<figure class=\"wp-block-image size-large\"><a href=\"https:\/\/cullarvega.com\/casa-cultura\/wp-content\/uploads\/2024\/09\/cartel-III-Escuela.jfif_.jpg\" target=\"_blank\" rel=\"noopener\"><img decoding=\"async\" width=\"724\" height=\"1024\" data-id=\"21820\" src=\"https:\/\/cullarvega.com\/casa-cultura\/wp-content\/uploads\/2024\/09\/cartel-III-Escuela.jfif_-724x1024.jpg\" alt=\"\" class=\"wp-image-21820\" srcset=\"https:\/\/cullarvega.com\/casa-cultura\/wp-content\/uploads\/2024\/09\/cartel-III-Escuela.jfif_-724x1024.jpg 724w, https:\/\/cullarvega.com\/casa-cultura\/wp-content\/uploads\/2024\/09\/cartel-III-Escuela.jfif_-212x300.jpg 212w, https:\/\/cullarvega.com\/casa-cultura\/wp-content\/uploads\/2024\/09\/cartel-III-Escuela.jfif_-768x1086.jpg 768w, https:\/\/cullarvega.com\/casa-cultura\/wp-content\/uploads\/2024\/09\/cartel-III-Escuela.jfif_-1086x1536.jpg 1086w, https:\/\/cullarvega.com\/casa-cultura\/wp-content\/uploads\/2024\/09\/cartel-III-Escuela.jfif_-424x600.jpg 424w, https:\/\/cullarvega.com\/casa-cultura\/wp-content\/uploads\/2024\/09\/cartel-III-Escuela.jfif_-396x560.jpg 396w, https:\/\/cullarvega.com\/casa-cultura\/wp-content\/uploads\/2024\/09\/cartel-III-Escuela.jfif_.jpg 1131w\" sizes=\"(max-width: 724px) 100vw, 724px\" \/><\/a><\/figure>\n\n\n\n<figure class=\"wp-block-image size-large\"><a href=\"https:\/\/cullarvega.com\/casa-cultura\/wp-content\/uploads\/2024\/09\/portada-III-Escuela.jpg\" target=\"_blank\" rel=\"noopener\"><img decoding=\"async\" width=\"1024\" height=\"717\" data-id=\"21821\" src=\"https:\/\/cullarvega.com\/casa-cultura\/wp-content\/uploads\/2024\/09\/portada-III-Escuela-1024x717.jpg\" alt=\"\" class=\"wp-image-21821\" srcset=\"https:\/\/cullarvega.com\/casa-cultura\/wp-content\/uploads\/2024\/09\/portada-III-Escuela-1024x717.jpg 1024w, https:\/\/cullarvega.com\/casa-cultura\/wp-content\/uploads\/2024\/09\/portada-III-Escuela-300x210.jpg 300w, https:\/\/cullarvega.com\/casa-cultura\/wp-content\/uploads\/2024\/09\/portada-III-Escuela-768x538.jpg 768w, https:\/\/cullarvega.com\/casa-cultura\/wp-content\/uploads\/2024\/09\/portada-III-Escuela-600x420.jpg 600w, https:\/\/cullarvega.com\/casa-cultura\/wp-content\/uploads\/2024\/09\/portada-III-Escuela-560x392.jpg 560w, https:\/\/cullarvega.com\/casa-cultura\/wp-content\/uploads\/2024\/09\/portada-III-Escuela.jpg 1280w\" sizes=\"(max-width: 1024px) 100vw, 1024px\" \/><\/a><\/figure>\n<\/figure>\n","protected":false},"excerpt":{"rendered":"<p>Os invitamos a participar en la&nbsp;III Edici\u00f3n de la Escuela de Igualdad \u00abAna Orantes\u00bb&nbsp;que este a\u00f1o tendr\u00e1 como t\u00edtulo&nbsp;Feminismo Digital: Act\u00faa frente a la ciberviolencia, y que se desarrollar\u00e1 los pr\u00f3ximos&nbsp;22 y 23 de octubre de 2024&nbsp;en la Casa de la Cultura de C\u00fallar Vega. La Escuela constar\u00e1 de ponencias de personas expertas en el [&hellip;]<\/p>\n","protected":false},"author":1,"featured_media":21820,"comment_status":"closed","ping_status":"open","sticky":false,"template":"","format":"standard","meta":{"footnotes":""},"categories":[176],"tags":[],"class_list":["post-21791","post","type-post","status-publish","format-standard","has-post-thumbnail","hentry","category-formacion"],"_links":{"self":[{"href":"https:\/\/cullarvega.com\/casa-cultura\/wp-json\/wp\/v2\/posts\/21791","targetHints":{"allow":["GET"]}}],"collection":[{"href":"https:\/\/cullarvega.com\/casa-cultura\/wp-json\/wp\/v2\/posts"}],"about":[{"href":"https:\/\/cullarvega.com\/casa-cultura\/wp-json\/wp\/v2\/types\/post"}],"author":[{"embeddable":true,"href":"https:\/\/cullarvega.com\/casa-cultura\/wp-json\/wp\/v2\/users\/1"}],"replies":[{"embeddable":true,"href":"https:\/\/cullarvega.com\/casa-cultura\/wp-json\/wp\/v2\/comments?post=21791"}],"version-history":[{"count":3,"href":"https:\/\/cullarvega.com\/casa-cultura\/wp-json\/wp\/v2\/posts\/21791\/revisions"}],"predecessor-version":[{"id":21822,"href":"https:\/\/cullarvega.com\/casa-cultura\/wp-json\/wp\/v2\/posts\/21791\/revisions\/21822"}],"wp:featuredmedia":[{"embeddable":true,"href":"https:\/\/cullarvega.com\/casa-cultura\/wp-json\/wp\/v2\/media\/21820"}],"wp:attachment":[{"href":"https:\/\/cullarvega.com\/casa-cultura\/wp-json\/wp\/v2\/media?parent=21791"}],"wp:term":[{"taxonomy":"category","embeddable":true,"href":"https:\/\/cullarvega.com\/casa-cultura\/wp-json\/wp\/v2\/categories?post=21791"},{"taxonomy":"post_tag","embeddable":true,"href":"https:\/\/cullarvega.com\/casa-cultura\/wp-json\/wp\/v2\/tags?post=21791"}],"curies":[{"name":"wp","href":"https:\/\/api.w.org\/{rel}","templated":true}]}}