{"id":21778,"date":"2024-08-30T11:38:06","date_gmt":"2024-08-30T09:38:06","guid":{"rendered":"https:\/\/cullarvega.com\/casa-cultura\/?p=21778"},"modified":"2024-08-30T11:38:07","modified_gmt":"2024-08-30T09:38:07","slug":"vuelve-cullar-vega-rock-en-su-decimoseptima-edicion-el-sabado-21-de-septiembre","status":"publish","type":"post","link":"https:\/\/cullarvega.com\/casa-cultura\/vuelve-cullar-vega-rock-en-su-decimoseptima-edicion-el-sabado-21-de-septiembre\/","title":{"rendered":"Vuelve C\u00fallar Vega Rock en su decimos\u00e9ptima edici\u00f3n el s\u00e1bado 21 de septiembre"},"content":{"rendered":"\n<p>C\u00fallar Vega acoger\u00e1 de nuevo, el pr\u00f3ximo s\u00e1bado <strong>21 de septiembre<\/strong> y a partir de las 19:00 h., uno de los pocos festivales musicales completamente gratuitos de la provincia de Granada: el <strong>C\u00fallar Vega Rock<\/strong> que este a\u00f1o cumple 17 a\u00f1os.<\/p>\n\n\n\n<p>Este a\u00f1o actuar\u00e1n <strong>The New Band Project<\/strong>, <strong>Renacidos<\/strong>, <strong>Metal<\/strong> <strong>Militia<\/strong> y <strong>The Fixed Trio<\/strong>.<\/p>\n\n\n\n<p>Tendr\u00e1 lugar en la explanada de la Casa de la Cultura y comenzar\u00e1 a las 19 h. donde habr\u00e1 zona con hinchables y actividades infantiles.<\/p>\n\n\n\n<figure class=\"wp-block-image size-large\"><a href=\"https:\/\/cullarvega.com\/casa-cultura\/wp-content\/uploads\/2024\/08\/festival-rock-2024.jpeg\"><img fetchpriority=\"high\" decoding=\"async\" width=\"724\" height=\"1024\" src=\"https:\/\/cullarvega.com\/casa-cultura\/wp-content\/uploads\/2024\/08\/festival-rock-2024-724x1024.jpeg\" alt=\"\" class=\"wp-image-21779\" srcset=\"https:\/\/cullarvega.com\/casa-cultura\/wp-content\/uploads\/2024\/08\/festival-rock-2024-724x1024.jpeg 724w, https:\/\/cullarvega.com\/casa-cultura\/wp-content\/uploads\/2024\/08\/festival-rock-2024-212x300.jpeg 212w, https:\/\/cullarvega.com\/casa-cultura\/wp-content\/uploads\/2024\/08\/festival-rock-2024-768x1086.jpeg 768w, https:\/\/cullarvega.com\/casa-cultura\/wp-content\/uploads\/2024\/08\/festival-rock-2024-1087x1536.jpeg 1087w, https:\/\/cullarvega.com\/casa-cultura\/wp-content\/uploads\/2024\/08\/festival-rock-2024-425x600.jpeg 425w, https:\/\/cullarvega.com\/casa-cultura\/wp-content\/uploads\/2024\/08\/festival-rock-2024-396x560.jpeg 396w, https:\/\/cullarvega.com\/casa-cultura\/wp-content\/uploads\/2024\/08\/festival-rock-2024.jpeg 1132w\" sizes=\"(max-width: 724px) 100vw, 724px\" \/><\/a><\/figure>\n","protected":false},"excerpt":{"rendered":"<p>C\u00fallar Vega acoger\u00e1 de nuevo, el pr\u00f3ximo s\u00e1bado 21 de septiembre y a partir de las 19:00 h., uno de los pocos festivales musicales completamente gratuitos de la provincia de Granada: el C\u00fallar Vega Rock que este a\u00f1o cumple 17 a\u00f1os. Este a\u00f1o actuar\u00e1n The New Band Project, Renacidos, Metal Militia y The Fixed Trio. [&hellip;]<\/p>\n","protected":false},"author":1,"featured_media":21779,"comment_status":"closed","ping_status":"open","sticky":false,"template":"","format":"standard","meta":{"footnotes":""},"categories":[1],"tags":[],"class_list":["post-21778","post","type-post","status-publish","format-standard","has-post-thumbnail","hentry","category-actualidad"],"_links":{"self":[{"href":"https:\/\/cullarvega.com\/casa-cultura\/wp-json\/wp\/v2\/posts\/21778","targetHints":{"allow":["GET"]}}],"collection":[{"href":"https:\/\/cullarvega.com\/casa-cultura\/wp-json\/wp\/v2\/posts"}],"about":[{"href":"https:\/\/cullarvega.com\/casa-cultura\/wp-json\/wp\/v2\/types\/post"}],"author":[{"embeddable":true,"href":"https:\/\/cullarvega.com\/casa-cultura\/wp-json\/wp\/v2\/users\/1"}],"replies":[{"embeddable":true,"href":"https:\/\/cullarvega.com\/casa-cultura\/wp-json\/wp\/v2\/comments?post=21778"}],"version-history":[{"count":1,"href":"https:\/\/cullarvega.com\/casa-cultura\/wp-json\/wp\/v2\/posts\/21778\/revisions"}],"predecessor-version":[{"id":21780,"href":"https:\/\/cullarvega.com\/casa-cultura\/wp-json\/wp\/v2\/posts\/21778\/revisions\/21780"}],"wp:featuredmedia":[{"embeddable":true,"href":"https:\/\/cullarvega.com\/casa-cultura\/wp-json\/wp\/v2\/media\/21779"}],"wp:attachment":[{"href":"https:\/\/cullarvega.com\/casa-cultura\/wp-json\/wp\/v2\/media?parent=21778"}],"wp:term":[{"taxonomy":"category","embeddable":true,"href":"https:\/\/cullarvega.com\/casa-cultura\/wp-json\/wp\/v2\/categories?post=21778"},{"taxonomy":"post_tag","embeddable":true,"href":"https:\/\/cullarvega.com\/casa-cultura\/wp-json\/wp\/v2\/tags?post=21778"}],"curies":[{"name":"wp","href":"https:\/\/api.w.org\/{rel}","templated":true}]}}