{"id":21758,"date":"2024-06-24T18:54:08","date_gmt":"2024-06-24T16:54:08","guid":{"rendered":"https:\/\/cullarvega.com\/casa-cultura\/?p=21758"},"modified":"2024-06-24T18:54:46","modified_gmt":"2024-06-24T16:54:46","slug":"exposicion-del-taller-de-dibujo-y-pintura-de-cullar-vega-curso","status":"publish","type":"post","link":"https:\/\/cullarvega.com\/casa-cultura\/exposicion-del-taller-de-dibujo-y-pintura-de-cullar-vega-curso\/","title":{"rendered":"Exposici\u00f3n del Taller de Dibujo y Pintura de C\u00fallar Vega curso 23-24"},"content":{"rendered":"\n<p>Del 24 al 28 de junio tendr\u00e1 lugar la exposici\u00f3n realizada por los trabajos de los alumnos\/as del<strong> Taller de Dibujo y Pintura de C\u00fallar Vega<\/strong> impartido por <strong>Enka<\/strong>.<\/p>\n\n\n\n<p>Podr\u00e9is disfrutar de la exposici\u00f3n en la <strong>Casa de la Cultura de C\u00fallar Vega<\/strong> de <strong>Lunes <\/strong>a <strong>Viernes <\/strong>de <strong>09 a 14 h<\/strong>.<\/p>\n\n\n\n<figure class=\"wp-block-image size-large\"><a href=\"https:\/\/cullarvega.com\/casa-cultura\/wp-content\/uploads\/2024\/06\/exposicion-taller-pintura-23-24.png\"><img fetchpriority=\"high\" decoding=\"async\" width=\"576\" height=\"1024\" src=\"https:\/\/cullarvega.com\/casa-cultura\/wp-content\/uploads\/2024\/06\/exposicion-taller-pintura-23-24-576x1024.png\" alt=\"\" class=\"wp-image-21760\" srcset=\"https:\/\/cullarvega.com\/casa-cultura\/wp-content\/uploads\/2024\/06\/exposicion-taller-pintura-23-24-576x1024.png 576w, https:\/\/cullarvega.com\/casa-cultura\/wp-content\/uploads\/2024\/06\/exposicion-taller-pintura-23-24-169x300.png 169w, https:\/\/cullarvega.com\/casa-cultura\/wp-content\/uploads\/2024\/06\/exposicion-taller-pintura-23-24-768x1365.png 768w, https:\/\/cullarvega.com\/casa-cultura\/wp-content\/uploads\/2024\/06\/exposicion-taller-pintura-23-24-864x1536.png 864w, https:\/\/cullarvega.com\/casa-cultura\/wp-content\/uploads\/2024\/06\/exposicion-taller-pintura-23-24-338x600.png 338w, https:\/\/cullarvega.com\/casa-cultura\/wp-content\/uploads\/2024\/06\/exposicion-taller-pintura-23-24-315x560.png 315w, https:\/\/cullarvega.com\/casa-cultura\/wp-content\/uploads\/2024\/06\/exposicion-taller-pintura-23-24.png 1080w\" sizes=\"(max-width: 576px) 100vw, 576px\" \/><\/a><\/figure>\n","protected":false},"excerpt":{"rendered":"<p>Del 24 al 28 de junio tendr\u00e1 lugar la exposici\u00f3n realizada por los trabajos de los alumnos\/as del Taller de Dibujo y Pintura de C\u00fallar Vega impartido por Enka. Podr\u00e9is disfrutar de la exposici\u00f3n en la Casa de la Cultura de C\u00fallar Vega de Lunes a Viernes de 09 a 14 h.<\/p>\n","protected":false},"author":1,"featured_media":21760,"comment_status":"closed","ping_status":"open","sticky":false,"template":"","format":"standard","meta":{"footnotes":""},"categories":[118],"tags":[],"class_list":["post-21758","post","type-post","status-publish","format-standard","has-post-thumbnail","hentry","category-sala-exposiciones"],"_links":{"self":[{"href":"https:\/\/cullarvega.com\/casa-cultura\/wp-json\/wp\/v2\/posts\/21758","targetHints":{"allow":["GET"]}}],"collection":[{"href":"https:\/\/cullarvega.com\/casa-cultura\/wp-json\/wp\/v2\/posts"}],"about":[{"href":"https:\/\/cullarvega.com\/casa-cultura\/wp-json\/wp\/v2\/types\/post"}],"author":[{"embeddable":true,"href":"https:\/\/cullarvega.com\/casa-cultura\/wp-json\/wp\/v2\/users\/1"}],"replies":[{"embeddable":true,"href":"https:\/\/cullarvega.com\/casa-cultura\/wp-json\/wp\/v2\/comments?post=21758"}],"version-history":[{"count":3,"href":"https:\/\/cullarvega.com\/casa-cultura\/wp-json\/wp\/v2\/posts\/21758\/revisions"}],"predecessor-version":[{"id":21763,"href":"https:\/\/cullarvega.com\/casa-cultura\/wp-json\/wp\/v2\/posts\/21758\/revisions\/21763"}],"wp:featuredmedia":[{"embeddable":true,"href":"https:\/\/cullarvega.com\/casa-cultura\/wp-json\/wp\/v2\/media\/21760"}],"wp:attachment":[{"href":"https:\/\/cullarvega.com\/casa-cultura\/wp-json\/wp\/v2\/media?parent=21758"}],"wp:term":[{"taxonomy":"category","embeddable":true,"href":"https:\/\/cullarvega.com\/casa-cultura\/wp-json\/wp\/v2\/categories?post=21758"},{"taxonomy":"post_tag","embeddable":true,"href":"https:\/\/cullarvega.com\/casa-cultura\/wp-json\/wp\/v2\/tags?post=21758"}],"curies":[{"name":"wp","href":"https:\/\/api.w.org\/{rel}","templated":true}]}}