{"id":21745,"date":"2024-06-19T08:22:48","date_gmt":"2024-06-19T06:22:48","guid":{"rendered":"https:\/\/cullarvega.com\/casa-cultura\/?p=21745"},"modified":"2024-06-19T08:22:49","modified_gmt":"2024-06-19T06:22:49","slug":"presentacion-del-libro-avanzado-en-el-tiempo-de-enrique-moreno-rodriguez","status":"publish","type":"post","link":"https:\/\/cullarvega.com\/casa-cultura\/presentacion-del-libro-avanzado-en-el-tiempo-de-enrique-moreno-rodriguez\/","title":{"rendered":"Presentaci\u00f3n del libro \u00abAvanzado en el tiempo\u00bb de Enrique Moreno Rodr\u00edguez"},"content":{"rendered":"\n<p>El viernes 28 de junio se presentar\u00e1 el libro <strong>\u00abAvanzado en el tiempo\u00bb <\/strong>de <strong>Enrique Moreno Rodr\u00edguez<\/strong>, natural de C\u00fallar Vega.<\/p>\n\n\n\n<p>Tendr\u00e1 lugar en el Aula 1 de la Casa de la Cultura de C\u00fallar Vega a las 20:00 h. con entrada libre hasta completar aforo.<\/p>\n\n\n\n<figure class=\"wp-block-image size-large\"><a href=\"https:\/\/cullarvega.com\/casa-cultura\/wp-content\/uploads\/2024\/06\/presentacion-libro-avanzando-tiempo-enrique-moreno.jpeg\"><img fetchpriority=\"high\" decoding=\"async\" width=\"717\" height=\"1024\" src=\"https:\/\/cullarvega.com\/casa-cultura\/wp-content\/uploads\/2024\/06\/presentacion-libro-avanzando-tiempo-enrique-moreno-717x1024.jpeg\" alt=\"\" class=\"wp-image-21746\" srcset=\"https:\/\/cullarvega.com\/casa-cultura\/wp-content\/uploads\/2024\/06\/presentacion-libro-avanzando-tiempo-enrique-moreno-717x1024.jpeg 717w, https:\/\/cullarvega.com\/casa-cultura\/wp-content\/uploads\/2024\/06\/presentacion-libro-avanzando-tiempo-enrique-moreno-210x300.jpeg 210w, https:\/\/cullarvega.com\/casa-cultura\/wp-content\/uploads\/2024\/06\/presentacion-libro-avanzando-tiempo-enrique-moreno-768x1097.jpeg 768w, https:\/\/cullarvega.com\/casa-cultura\/wp-content\/uploads\/2024\/06\/presentacion-libro-avanzando-tiempo-enrique-moreno-1075x1536.jpeg 1075w, https:\/\/cullarvega.com\/casa-cultura\/wp-content\/uploads\/2024\/06\/presentacion-libro-avanzando-tiempo-enrique-moreno-420x600.jpeg 420w, https:\/\/cullarvega.com\/casa-cultura\/wp-content\/uploads\/2024\/06\/presentacion-libro-avanzando-tiempo-enrique-moreno-392x560.jpeg 392w, https:\/\/cullarvega.com\/casa-cultura\/wp-content\/uploads\/2024\/06\/presentacion-libro-avanzando-tiempo-enrique-moreno.jpeg 1120w\" sizes=\"(max-width: 717px) 100vw, 717px\" \/><\/a><\/figure>\n","protected":false},"excerpt":{"rendered":"<p>El viernes 28 de junio se presentar\u00e1 el libro \u00abAvanzado en el tiempo\u00bb de Enrique Moreno Rodr\u00edguez, natural de C\u00fallar Vega. Tendr\u00e1 lugar en el Aula 1 de la Casa de la Cultura de C\u00fallar Vega a las 20:00 h. con entrada libre hasta completar aforo.<\/p>\n","protected":false},"author":1,"featured_media":21746,"comment_status":"closed","ping_status":"open","sticky":false,"template":"","format":"standard","meta":{"footnotes":""},"categories":[1],"tags":[],"class_list":["post-21745","post","type-post","status-publish","format-standard","has-post-thumbnail","hentry","category-actualidad"],"_links":{"self":[{"href":"https:\/\/cullarvega.com\/casa-cultura\/wp-json\/wp\/v2\/posts\/21745","targetHints":{"allow":["GET"]}}],"collection":[{"href":"https:\/\/cullarvega.com\/casa-cultura\/wp-json\/wp\/v2\/posts"}],"about":[{"href":"https:\/\/cullarvega.com\/casa-cultura\/wp-json\/wp\/v2\/types\/post"}],"author":[{"embeddable":true,"href":"https:\/\/cullarvega.com\/casa-cultura\/wp-json\/wp\/v2\/users\/1"}],"replies":[{"embeddable":true,"href":"https:\/\/cullarvega.com\/casa-cultura\/wp-json\/wp\/v2\/comments?post=21745"}],"version-history":[{"count":1,"href":"https:\/\/cullarvega.com\/casa-cultura\/wp-json\/wp\/v2\/posts\/21745\/revisions"}],"predecessor-version":[{"id":21747,"href":"https:\/\/cullarvega.com\/casa-cultura\/wp-json\/wp\/v2\/posts\/21745\/revisions\/21747"}],"wp:featuredmedia":[{"embeddable":true,"href":"https:\/\/cullarvega.com\/casa-cultura\/wp-json\/wp\/v2\/media\/21746"}],"wp:attachment":[{"href":"https:\/\/cullarvega.com\/casa-cultura\/wp-json\/wp\/v2\/media?parent=21745"}],"wp:term":[{"taxonomy":"category","embeddable":true,"href":"https:\/\/cullarvega.com\/casa-cultura\/wp-json\/wp\/v2\/categories?post=21745"},{"taxonomy":"post_tag","embeddable":true,"href":"https:\/\/cullarvega.com\/casa-cultura\/wp-json\/wp\/v2\/tags?post=21745"}],"curies":[{"name":"wp","href":"https:\/\/api.w.org\/{rel}","templated":true}]}}