{"id":21736,"date":"2024-06-11T16:35:02","date_gmt":"2024-06-11T14:35:02","guid":{"rendered":"https:\/\/cullarvega.com\/casa-cultura\/?p=21736"},"modified":"2024-06-24T18:57:53","modified_gmt":"2024-06-24T16:57:53","slug":"cullar-vega-celebra-el-sabado-29-la-decima-edicion-de-su-certamen-de-bandas-de-musica","status":"publish","type":"post","link":"https:\/\/cullarvega.com\/casa-cultura\/cullar-vega-celebra-el-sabado-29-la-decima-edicion-de-su-certamen-de-bandas-de-musica\/","title":{"rendered":"C\u00fallar Vega celebra el s\u00e1bado 29 la d\u00e9cima edici\u00f3n de su Certamen de Bandas de m\u00fasica"},"content":{"rendered":"\n<h3 class=\"wp-block-heading\"><strong>La Casa de la Cultura ser\u00e1 el escenario del d\u00e9cimo Certamen de Bandas de M\u00fasica, que se llevar\u00e1 a cabo el s\u00e1bado 29 de junio a partir de las 20 horas.<\/strong><\/h3>\n\n\n\n<p>En este evento, la Banda de M\u00fasica \u00abFelipe Moreno\u00bb ser\u00e1 la anfitriona y contar\u00e1 con la participaci\u00f3n especial de la Asociaci\u00f3n Musical San Isidro de Armilla.<\/p>\n\n\n\n<p> El concierto ha sido organizado por la Concejal\u00eda de Cultura del Ayuntamiento de C\u00fallar Vega y la Asociaci\u00f3n Musical de C\u00fallar Vega, y la entrada ser\u00e1 gratuita hasta completar aforo.<\/p>\n\n\n\n<p>\u00a1No te pierdas una velada llena de talento musical!<\/p>\n\n\n\n<figure class=\"wp-block-image size-full\"><a href=\"https:\/\/cullarvega.com\/casa-cultura\/wp-content\/uploads\/2024\/06\/10-certamen-bandas-cullar-vega-29-junio-2024-724x1024-1.png\"><img fetchpriority=\"high\" decoding=\"async\" width=\"724\" height=\"1024\" src=\"https:\/\/cullarvega.com\/casa-cultura\/wp-content\/uploads\/2024\/06\/10-certamen-bandas-cullar-vega-29-junio-2024-724x1024-1.png\" alt=\"\" class=\"wp-image-21737\" srcset=\"https:\/\/cullarvega.com\/casa-cultura\/wp-content\/uploads\/2024\/06\/10-certamen-bandas-cullar-vega-29-junio-2024-724x1024-1.png 724w, https:\/\/cullarvega.com\/casa-cultura\/wp-content\/uploads\/2024\/06\/10-certamen-bandas-cullar-vega-29-junio-2024-724x1024-1-212x300.png 212w, https:\/\/cullarvega.com\/casa-cultura\/wp-content\/uploads\/2024\/06\/10-certamen-bandas-cullar-vega-29-junio-2024-724x1024-1-424x600.png 424w, https:\/\/cullarvega.com\/casa-cultura\/wp-content\/uploads\/2024\/06\/10-certamen-bandas-cullar-vega-29-junio-2024-724x1024-1-396x560.png 396w\" sizes=\"(max-width: 724px) 100vw, 724px\" \/><\/a><\/figure>\n","protected":false},"excerpt":{"rendered":"<p>La Casa de la Cultura ser\u00e1 el escenario del d\u00e9cimo Certamen de Bandas de M\u00fasica, que se llevar\u00e1 a cabo el s\u00e1bado 29 de junio a partir de las 20 horas. En este evento, la Banda de M\u00fasica \u00abFelipe Moreno\u00bb ser\u00e1 la anfitriona y contar\u00e1 con la participaci\u00f3n especial de la Asociaci\u00f3n Musical San Isidro [&hellip;]<\/p>\n","protected":false},"author":1,"featured_media":21737,"comment_status":"closed","ping_status":"open","sticky":false,"template":"","format":"standard","meta":{"footnotes":""},"categories":[1],"tags":[],"class_list":["post-21736","post","type-post","status-publish","format-standard","has-post-thumbnail","hentry","category-actualidad"],"_links":{"self":[{"href":"https:\/\/cullarvega.com\/casa-cultura\/wp-json\/wp\/v2\/posts\/21736","targetHints":{"allow":["GET"]}}],"collection":[{"href":"https:\/\/cullarvega.com\/casa-cultura\/wp-json\/wp\/v2\/posts"}],"about":[{"href":"https:\/\/cullarvega.com\/casa-cultura\/wp-json\/wp\/v2\/types\/post"}],"author":[{"embeddable":true,"href":"https:\/\/cullarvega.com\/casa-cultura\/wp-json\/wp\/v2\/users\/1"}],"replies":[{"embeddable":true,"href":"https:\/\/cullarvega.com\/casa-cultura\/wp-json\/wp\/v2\/comments?post=21736"}],"version-history":[{"count":2,"href":"https:\/\/cullarvega.com\/casa-cultura\/wp-json\/wp\/v2\/posts\/21736\/revisions"}],"predecessor-version":[{"id":21739,"href":"https:\/\/cullarvega.com\/casa-cultura\/wp-json\/wp\/v2\/posts\/21736\/revisions\/21739"}],"wp:featuredmedia":[{"embeddable":true,"href":"https:\/\/cullarvega.com\/casa-cultura\/wp-json\/wp\/v2\/media\/21737"}],"wp:attachment":[{"href":"https:\/\/cullarvega.com\/casa-cultura\/wp-json\/wp\/v2\/media?parent=21736"}],"wp:term":[{"taxonomy":"category","embeddable":true,"href":"https:\/\/cullarvega.com\/casa-cultura\/wp-json\/wp\/v2\/categories?post=21736"},{"taxonomy":"post_tag","embeddable":true,"href":"https:\/\/cullarvega.com\/casa-cultura\/wp-json\/wp\/v2\/tags?post=21736"}],"curies":[{"name":"wp","href":"https:\/\/api.w.org\/{rel}","templated":true}]}}