{"id":21733,"date":"2024-06-11T16:32:46","date_gmt":"2024-06-11T14:32:46","guid":{"rendered":"https:\/\/cullarvega.com\/casa-cultura\/?p=21733"},"modified":"2024-06-11T16:32:48","modified_gmt":"2024-06-11T14:32:48","slug":"26-de-junio-charla-para-asociaciones-y-clubes","status":"publish","type":"post","link":"https:\/\/cullarvega.com\/casa-cultura\/26-de-junio-charla-para-asociaciones-y-clubes\/","title":{"rendered":"26 de junio: Charla para Asociaciones y Clubes"},"content":{"rendered":"\n<p>El mi\u00e9rcoles 26 de junio: Charla para <strong>Asociaciones y Clubes <\/strong>donde se tratar\u00e1n los siguientes temas:<\/p>\n\n\n\n<p>&#8211; Primeros pasos para la creaci\u00f3n de un club, asociaci\u00f3n, etc..<\/p>\n\n\n\n<p>&#8211; Formaci\u00f3n en la gesti\u00f3n fiscal<\/p>\n\n\n\n<p>&#8211; L\u00edneas de subvenciones municipales y de diputaci\u00f3n<\/p>\n\n\n\n<p><strong>D\u00eda<\/strong>: mi\u00e9rcoles 26 de junio<\/p>\n\n\n\n<p><strong>Hora<\/strong>: 17:30 h.<\/p>\n\n\n\n<p><strong>Lugar<\/strong>: Casa de la Cultura<\/p>\n\n\n\n<figure class=\"wp-block-image size-large\"><a href=\"https:\/\/cullarvega.com\/casa-cultura\/wp-content\/uploads\/2024\/06\/charla-asociaciones-clubes.jpeg\"><img fetchpriority=\"high\" decoding=\"async\" width=\"717\" height=\"1024\" src=\"https:\/\/cullarvega.com\/casa-cultura\/wp-content\/uploads\/2024\/06\/charla-asociaciones-clubes-717x1024.jpeg\" alt=\"\" class=\"wp-image-21734\" srcset=\"https:\/\/cullarvega.com\/casa-cultura\/wp-content\/uploads\/2024\/06\/charla-asociaciones-clubes-717x1024.jpeg 717w, https:\/\/cullarvega.com\/casa-cultura\/wp-content\/uploads\/2024\/06\/charla-asociaciones-clubes-210x300.jpeg 210w, https:\/\/cullarvega.com\/casa-cultura\/wp-content\/uploads\/2024\/06\/charla-asociaciones-clubes-768x1097.jpeg 768w, https:\/\/cullarvega.com\/casa-cultura\/wp-content\/uploads\/2024\/06\/charla-asociaciones-clubes-1075x1536.jpeg 1075w, https:\/\/cullarvega.com\/casa-cultura\/wp-content\/uploads\/2024\/06\/charla-asociaciones-clubes-420x600.jpeg 420w, https:\/\/cullarvega.com\/casa-cultura\/wp-content\/uploads\/2024\/06\/charla-asociaciones-clubes-392x560.jpeg 392w, https:\/\/cullarvega.com\/casa-cultura\/wp-content\/uploads\/2024\/06\/charla-asociaciones-clubes.jpeg 1120w\" sizes=\"(max-width: 717px) 100vw, 717px\" \/><\/a><\/figure>\n","protected":false},"excerpt":{"rendered":"<p>El mi\u00e9rcoles 26 de junio: Charla para Asociaciones y Clubes donde se tratar\u00e1n los siguientes temas: &#8211; Primeros pasos para la creaci\u00f3n de un club, asociaci\u00f3n, etc.. &#8211; Formaci\u00f3n en la gesti\u00f3n fiscal &#8211; L\u00edneas de subvenciones municipales y de diputaci\u00f3n D\u00eda: mi\u00e9rcoles 26 de junio Hora: 17:30 h. Lugar: Casa de la Cultura<\/p>\n","protected":false},"author":1,"featured_media":21734,"comment_status":"closed","ping_status":"open","sticky":false,"template":"","format":"standard","meta":{"footnotes":""},"categories":[176],"tags":[],"class_list":["post-21733","post","type-post","status-publish","format-standard","has-post-thumbnail","hentry","category-formacion"],"_links":{"self":[{"href":"https:\/\/cullarvega.com\/casa-cultura\/wp-json\/wp\/v2\/posts\/21733","targetHints":{"allow":["GET"]}}],"collection":[{"href":"https:\/\/cullarvega.com\/casa-cultura\/wp-json\/wp\/v2\/posts"}],"about":[{"href":"https:\/\/cullarvega.com\/casa-cultura\/wp-json\/wp\/v2\/types\/post"}],"author":[{"embeddable":true,"href":"https:\/\/cullarvega.com\/casa-cultura\/wp-json\/wp\/v2\/users\/1"}],"replies":[{"embeddable":true,"href":"https:\/\/cullarvega.com\/casa-cultura\/wp-json\/wp\/v2\/comments?post=21733"}],"version-history":[{"count":1,"href":"https:\/\/cullarvega.com\/casa-cultura\/wp-json\/wp\/v2\/posts\/21733\/revisions"}],"predecessor-version":[{"id":21735,"href":"https:\/\/cullarvega.com\/casa-cultura\/wp-json\/wp\/v2\/posts\/21733\/revisions\/21735"}],"wp:featuredmedia":[{"embeddable":true,"href":"https:\/\/cullarvega.com\/casa-cultura\/wp-json\/wp\/v2\/media\/21734"}],"wp:attachment":[{"href":"https:\/\/cullarvega.com\/casa-cultura\/wp-json\/wp\/v2\/media?parent=21733"}],"wp:term":[{"taxonomy":"category","embeddable":true,"href":"https:\/\/cullarvega.com\/casa-cultura\/wp-json\/wp\/v2\/categories?post=21733"},{"taxonomy":"post_tag","embeddable":true,"href":"https:\/\/cullarvega.com\/casa-cultura\/wp-json\/wp\/v2\/tags?post=21733"}],"curies":[{"name":"wp","href":"https:\/\/api.w.org\/{rel}","templated":true}]}}