{"id":21728,"date":"2024-06-07T13:18:32","date_gmt":"2024-06-07T11:18:32","guid":{"rendered":"https:\/\/cullarvega.com\/casa-cultura\/?p=21728"},"modified":"2024-06-07T13:18:33","modified_gmt":"2024-06-07T11:18:33","slug":"festival-de-baile-azabache","status":"publish","type":"post","link":"https:\/\/cullarvega.com\/casa-cultura\/festival-de-baile-azabache\/","title":{"rendered":"Festival de Baile Azabache"},"content":{"rendered":"\n<p>El s\u00e1bado 15 de junio a las 19:30h, tendr\u00e1 lugar el Festival de Baile Azabache en la Casa de la Cultura de C\u00fallar Vea con entrada a 3 \u20ac.<\/p>\n\n\n\n<figure class=\"wp-block-image size-large\"><a href=\"https:\/\/cullarvega.com\/casa-cultura\/wp-content\/uploads\/2024\/06\/festival-baile-azabache-15-junio.jpeg\"><img fetchpriority=\"high\" decoding=\"async\" width=\"512\" height=\"1024\" src=\"https:\/\/cullarvega.com\/casa-cultura\/wp-content\/uploads\/2024\/06\/festival-baile-azabache-15-junio-512x1024.jpeg\" alt=\"\" class=\"wp-image-21729\" srcset=\"https:\/\/cullarvega.com\/casa-cultura\/wp-content\/uploads\/2024\/06\/festival-baile-azabache-15-junio-512x1024.jpeg 512w, https:\/\/cullarvega.com\/casa-cultura\/wp-content\/uploads\/2024\/06\/festival-baile-azabache-15-junio-150x300.jpeg 150w, https:\/\/cullarvega.com\/casa-cultura\/wp-content\/uploads\/2024\/06\/festival-baile-azabache-15-junio-300x600.jpeg 300w, https:\/\/cullarvega.com\/casa-cultura\/wp-content\/uploads\/2024\/06\/festival-baile-azabache-15-junio-280x560.jpeg 280w, https:\/\/cullarvega.com\/casa-cultura\/wp-content\/uploads\/2024\/06\/festival-baile-azabache-15-junio.jpeg 720w\" sizes=\"(max-width: 512px) 100vw, 512px\" \/><\/a><\/figure>\n","protected":false},"excerpt":{"rendered":"<p>El s\u00e1bado 15 de junio a las 19:30h, tendr\u00e1 lugar el Festival de Baile Azabache en la Casa de la Cultura de C\u00fallar Vea con entrada a 3 \u20ac.<\/p>\n","protected":false},"author":1,"featured_media":21729,"comment_status":"closed","ping_status":"open","sticky":false,"template":"","format":"standard","meta":{"footnotes":""},"categories":[175],"tags":[],"class_list":["post-21728","post","type-post","status-publish","format-standard","has-post-thumbnail","hentry","category-teatro"],"_links":{"self":[{"href":"https:\/\/cullarvega.com\/casa-cultura\/wp-json\/wp\/v2\/posts\/21728","targetHints":{"allow":["GET"]}}],"collection":[{"href":"https:\/\/cullarvega.com\/casa-cultura\/wp-json\/wp\/v2\/posts"}],"about":[{"href":"https:\/\/cullarvega.com\/casa-cultura\/wp-json\/wp\/v2\/types\/post"}],"author":[{"embeddable":true,"href":"https:\/\/cullarvega.com\/casa-cultura\/wp-json\/wp\/v2\/users\/1"}],"replies":[{"embeddable":true,"href":"https:\/\/cullarvega.com\/casa-cultura\/wp-json\/wp\/v2\/comments?post=21728"}],"version-history":[{"count":1,"href":"https:\/\/cullarvega.com\/casa-cultura\/wp-json\/wp\/v2\/posts\/21728\/revisions"}],"predecessor-version":[{"id":21730,"href":"https:\/\/cullarvega.com\/casa-cultura\/wp-json\/wp\/v2\/posts\/21728\/revisions\/21730"}],"wp:featuredmedia":[{"embeddable":true,"href":"https:\/\/cullarvega.com\/casa-cultura\/wp-json\/wp\/v2\/media\/21729"}],"wp:attachment":[{"href":"https:\/\/cullarvega.com\/casa-cultura\/wp-json\/wp\/v2\/media?parent=21728"}],"wp:term":[{"taxonomy":"category","embeddable":true,"href":"https:\/\/cullarvega.com\/casa-cultura\/wp-json\/wp\/v2\/categories?post=21728"},{"taxonomy":"post_tag","embeddable":true,"href":"https:\/\/cullarvega.com\/casa-cultura\/wp-json\/wp\/v2\/tags?post=21728"}],"curies":[{"name":"wp","href":"https:\/\/api.w.org\/{rel}","templated":true}]}}