{"id":21711,"date":"2024-05-31T08:21:49","date_gmt":"2024-05-31T06:21:49","guid":{"rendered":"https:\/\/cullarvega.com\/casa-cultura\/?p=21711"},"modified":"2026-01-28T09:16:31","modified_gmt":"2026-01-28T07:16:31","slug":"taller-de-experimentacion-musical-tics","status":"publish","type":"post","link":"https:\/\/cullarvega.com\/casa-cultura\/taller-de-experimentacion-musical-tics\/","title":{"rendered":"Taller de \u00abExperimentaci\u00f3n Musical TIC&#8217;s\u00bb"},"content":{"rendered":"\n<p>Taller gratuito que brinda la oportunidad a los participantes de experimentar, producir y sumergirse en el maravilloso mundo de la m\u00fasica y los sonidos con ayuda de las nuevas tecnolog\u00edas.<\/p>\n\n\n\n<p>&#8211; <strong>Dirigido<\/strong> a cualquier persona interesada.<\/p>\n\n\n\n<p>&#8211; Seorganizar\u00e1n<strong>2 sesiones <\/strong>parafacilitarlaasistenciaalmismo: jueves 06 de junio y viernes 07 de junio <\/p>\n\n\n\n<p>&#8211; <strong>Lugar<\/strong> <strong>impartici\u00f3n<\/strong>: Punto Vuela C\u00fallar Vega (Casa de la Cultura)<\/p>\n\n\n\n<p>&#8211; <strong>Inscripci\u00f3n<\/strong>: <a href=\"https:\/\/forms.gle\/V6ykXvqwttzQbAhX6\">https:\/\/forms.gle\/V6ykXvqwttzQbAhX6<\/a><\/p>\n\n\n\n<p>&#8211; <strong>M\u00e1s<\/strong> <strong>Informaci\u00f3n<\/strong> en el WhatsApp 683 15 01 02<\/p>\n\n\n\n<p>&#8211; Imprescindible traer <strong>auriculares<\/strong><\/p>\n\n\n\n<p><\/p>\n","protected":false},"excerpt":{"rendered":"<p>Taller gratuito que brinda la oportunidad a los participantes de experimentar, producir y sumergirse en el maravilloso mundo de la m\u00fasica y los sonidos con ayuda de las nuevas tecnolog\u00edas. &#8211; Dirigido a cualquier persona interesada. &#8211; Seorganizar\u00e1n2 sesiones parafacilitarlaasistenciaalmismo: jueves 06 de junio y viernes 07 de junio &#8211; Lugar impartici\u00f3n: Punto Vuela C\u00fallar [&hellip;]<\/p>\n","protected":false},"author":1,"featured_media":21713,"comment_status":"closed","ping_status":"open","sticky":false,"template":"","format":"standard","meta":{"footnotes":""},"categories":[43],"tags":[],"class_list":["post-21711","post","type-post","status-publish","format-standard","has-post-thumbnail","hentry","category-punto-vuela"],"_links":{"self":[{"href":"https:\/\/cullarvega.com\/casa-cultura\/wp-json\/wp\/v2\/posts\/21711","targetHints":{"allow":["GET"]}}],"collection":[{"href":"https:\/\/cullarvega.com\/casa-cultura\/wp-json\/wp\/v2\/posts"}],"about":[{"href":"https:\/\/cullarvega.com\/casa-cultura\/wp-json\/wp\/v2\/types\/post"}],"author":[{"embeddable":true,"href":"https:\/\/cullarvega.com\/casa-cultura\/wp-json\/wp\/v2\/users\/1"}],"replies":[{"embeddable":true,"href":"https:\/\/cullarvega.com\/casa-cultura\/wp-json\/wp\/v2\/comments?post=21711"}],"version-history":[{"count":2,"href":"https:\/\/cullarvega.com\/casa-cultura\/wp-json\/wp\/v2\/posts\/21711\/revisions"}],"predecessor-version":[{"id":22217,"href":"https:\/\/cullarvega.com\/casa-cultura\/wp-json\/wp\/v2\/posts\/21711\/revisions\/22217"}],"wp:featuredmedia":[{"embeddable":true,"href":"https:\/\/cullarvega.com\/casa-cultura\/wp-json\/wp\/v2\/media\/21713"}],"wp:attachment":[{"href":"https:\/\/cullarvega.com\/casa-cultura\/wp-json\/wp\/v2\/media?parent=21711"}],"wp:term":[{"taxonomy":"category","embeddable":true,"href":"https:\/\/cullarvega.com\/casa-cultura\/wp-json\/wp\/v2\/categories?post=21711"},{"taxonomy":"post_tag","embeddable":true,"href":"https:\/\/cullarvega.com\/casa-cultura\/wp-json\/wp\/v2\/tags?post=21711"}],"curies":[{"name":"wp","href":"https:\/\/api.w.org\/{rel}","templated":true}]}}