{"id":21700,"date":"2024-05-30T15:34:33","date_gmt":"2024-05-30T13:34:33","guid":{"rendered":"https:\/\/cullarvega.com\/casa-cultura\/?p=21700"},"modified":"2024-05-30T15:34:34","modified_gmt":"2024-05-30T13:34:34","slug":"19-de-junio-taller-de-sueno-infantil","status":"publish","type":"post","link":"https:\/\/cullarvega.com\/casa-cultura\/19-de-junio-taller-de-sueno-infantil\/","title":{"rendered":"19 de junio: Taller de \u00abSue\u00f1o Infantil\u00bb"},"content":{"rendered":"\n<p>Conoce el sue\u00f1o infantil y mejora el descanso de tu peque y el de toda la familia con este taller que tendr\u00e1 lugar el mi\u00e9rcoles 19 de junio a las 17 h en la Casa de la Cultura de C\u00fallar Vega.<\/p>\n\n\n\n<p><strong>&#8211; D\u00eda:<\/strong> mi\u00e9rcoles 19 de junio<\/p>\n\n\n\n<p><strong>&#8211; Hora: <\/strong>17:00 h.<\/p>\n\n\n\n<p><strong>&#8211;  Lugar:<\/strong> Casa de la Cultura de C\u00fallar Vega<\/p>\n\n\n\n<p><strong>&#8211; Ponente:<\/strong> Laura P\u00e9rez<\/p>\n\n\n\n<figure class=\"wp-block-image size-large\"><a href=\"https:\/\/cullarvega.com\/casa-cultura\/wp-content\/uploads\/2024\/05\/taller-sueno-infantil.jpeg\"><img fetchpriority=\"high\" decoding=\"async\" width=\"1024\" height=\"1024\" src=\"https:\/\/cullarvega.com\/casa-cultura\/wp-content\/uploads\/2024\/05\/taller-sueno-infantil-1024x1024.jpeg\" alt=\"\" class=\"wp-image-21701\" srcset=\"https:\/\/cullarvega.com\/casa-cultura\/wp-content\/uploads\/2024\/05\/taller-sueno-infantil-1024x1024.jpeg 1024w, https:\/\/cullarvega.com\/casa-cultura\/wp-content\/uploads\/2024\/05\/taller-sueno-infantil-300x300.jpeg 300w, https:\/\/cullarvega.com\/casa-cultura\/wp-content\/uploads\/2024\/05\/taller-sueno-infantil-150x150.jpeg 150w, https:\/\/cullarvega.com\/casa-cultura\/wp-content\/uploads\/2024\/05\/taller-sueno-infantil-768x768.jpeg 768w, https:\/\/cullarvega.com\/casa-cultura\/wp-content\/uploads\/2024\/05\/taller-sueno-infantil-600x600.jpeg 600w, https:\/\/cullarvega.com\/casa-cultura\/wp-content\/uploads\/2024\/05\/taller-sueno-infantil-560x560.jpeg 560w, https:\/\/cullarvega.com\/casa-cultura\/wp-content\/uploads\/2024\/05\/taller-sueno-infantil.jpeg 1080w\" sizes=\"(max-width: 1024px) 100vw, 1024px\" \/><\/a><\/figure>\n","protected":false},"excerpt":{"rendered":"<p>Conoce el sue\u00f1o infantil y mejora el descanso de tu peque y el de toda la familia con este taller que tendr\u00e1 lugar el mi\u00e9rcoles 19 de junio a las 17 h en la Casa de la Cultura de C\u00fallar Vega. &#8211; D\u00eda: mi\u00e9rcoles 19 de junio &#8211; Hora: 17:00 h. &#8211; Lugar: Casa de [&hellip;]<\/p>\n","protected":false},"author":1,"featured_media":21701,"comment_status":"closed","ping_status":"open","sticky":false,"template":"","format":"standard","meta":{"footnotes":""},"categories":[176],"tags":[],"class_list":["post-21700","post","type-post","status-publish","format-standard","has-post-thumbnail","hentry","category-formacion"],"_links":{"self":[{"href":"https:\/\/cullarvega.com\/casa-cultura\/wp-json\/wp\/v2\/posts\/21700","targetHints":{"allow":["GET"]}}],"collection":[{"href":"https:\/\/cullarvega.com\/casa-cultura\/wp-json\/wp\/v2\/posts"}],"about":[{"href":"https:\/\/cullarvega.com\/casa-cultura\/wp-json\/wp\/v2\/types\/post"}],"author":[{"embeddable":true,"href":"https:\/\/cullarvega.com\/casa-cultura\/wp-json\/wp\/v2\/users\/1"}],"replies":[{"embeddable":true,"href":"https:\/\/cullarvega.com\/casa-cultura\/wp-json\/wp\/v2\/comments?post=21700"}],"version-history":[{"count":1,"href":"https:\/\/cullarvega.com\/casa-cultura\/wp-json\/wp\/v2\/posts\/21700\/revisions"}],"predecessor-version":[{"id":21702,"href":"https:\/\/cullarvega.com\/casa-cultura\/wp-json\/wp\/v2\/posts\/21700\/revisions\/21702"}],"wp:featuredmedia":[{"embeddable":true,"href":"https:\/\/cullarvega.com\/casa-cultura\/wp-json\/wp\/v2\/media\/21701"}],"wp:attachment":[{"href":"https:\/\/cullarvega.com\/casa-cultura\/wp-json\/wp\/v2\/media?parent=21700"}],"wp:term":[{"taxonomy":"category","embeddable":true,"href":"https:\/\/cullarvega.com\/casa-cultura\/wp-json\/wp\/v2\/categories?post=21700"},{"taxonomy":"post_tag","embeddable":true,"href":"https:\/\/cullarvega.com\/casa-cultura\/wp-json\/wp\/v2\/tags?post=21700"}],"curies":[{"name":"wp","href":"https:\/\/api.w.org\/{rel}","templated":true}]}}