{"id":21697,"date":"2024-05-28T07:41:07","date_gmt":"2024-05-28T05:41:07","guid":{"rendered":"https:\/\/cullarvega.com\/casa-cultura\/?p=21697"},"modified":"2024-05-28T07:41:08","modified_gmt":"2024-05-28T05:41:08","slug":"abierto-plazo-de-matriculacion-para-el-curso-2024-2025-del-ceper-elena-martin-vivaldi","status":"publish","type":"post","link":"https:\/\/cullarvega.com\/casa-cultura\/abierto-plazo-de-matriculacion-para-el-curso-2024-2025-del-ceper-elena-martin-vivaldi\/","title":{"rendered":"Abierto plazo de matriculaci\u00f3n para el curso 2024-2025 del CEPER Elena Mart\u00edn Vivaldi"},"content":{"rendered":"\n<p>Se abre plazo de matr\u00edcula del Centro P\u00fablico de Educaci\u00f3n de Personas Adultas Elena Mart\u00edn Vivaldi del <strong>3 al 14 de junio <\/strong>para el curso 24-25: E.S.A (Graduado Secundaria con matr\u00edcula en IES), Ingl\u00e9s (A1, A2 y B1 con matr\u00edcula en EOI), preparaci\u00f3n para las pruebas de acceso a ciclos formativos de grado superior y acceso a universidad (Pau +25 +45), planes de estudios para una ciudadan\u00eda activa, Uso b\u00e1sico de Nuevas Tecnolog\u00edas, uso b\u00e1sico de Ingl\u00e9s, Espa\u00f1ol para extranjeros, Patrimonio Andaluz y H\u00e1bitos de vida saludable<\/p>\n\n\n\n<p>Ven a matricularte y no olvides traer fotocopia de tu DNI a la Casa de la Cultura en horario de 9 a 14 horas.<\/p>\n\n\n\n<figure class=\"wp-block-image size-large\"><img fetchpriority=\"high\" decoding=\"async\" width=\"1024\" height=\"1024\" src=\"https:\/\/cullarvega.com\/casa-cultura\/wp-content\/uploads\/2024\/05\/abierto-plazo-matriculacion-ceper-vivaldi-2024-2025-1024x1024.jpeg\" alt=\"\" class=\"wp-image-21698\" srcset=\"https:\/\/cullarvega.com\/casa-cultura\/wp-content\/uploads\/2024\/05\/abierto-plazo-matriculacion-ceper-vivaldi-2024-2025-1024x1024.jpeg 1024w, https:\/\/cullarvega.com\/casa-cultura\/wp-content\/uploads\/2024\/05\/abierto-plazo-matriculacion-ceper-vivaldi-2024-2025-300x300.jpeg 300w, https:\/\/cullarvega.com\/casa-cultura\/wp-content\/uploads\/2024\/05\/abierto-plazo-matriculacion-ceper-vivaldi-2024-2025-150x150.jpeg 150w, https:\/\/cullarvega.com\/casa-cultura\/wp-content\/uploads\/2024\/05\/abierto-plazo-matriculacion-ceper-vivaldi-2024-2025-768x768.jpeg 768w, https:\/\/cullarvega.com\/casa-cultura\/wp-content\/uploads\/2024\/05\/abierto-plazo-matriculacion-ceper-vivaldi-2024-2025-600x600.jpeg 600w, https:\/\/cullarvega.com\/casa-cultura\/wp-content\/uploads\/2024\/05\/abierto-plazo-matriculacion-ceper-vivaldi-2024-2025-560x560.jpeg 560w, https:\/\/cullarvega.com\/casa-cultura\/wp-content\/uploads\/2024\/05\/abierto-plazo-matriculacion-ceper-vivaldi-2024-2025.jpeg 1080w\" sizes=\"(max-width: 1024px) 100vw, 1024px\" \/><\/figure>\n","protected":false},"excerpt":{"rendered":"<p>Se abre plazo de matr\u00edcula del Centro P\u00fablico de Educaci\u00f3n de Personas Adultas Elena Mart\u00edn Vivaldi del 3 al 14 de junio para el curso 24-25: E.S.A (Graduado Secundaria con matr\u00edcula en IES), Ingl\u00e9s (A1, A2 y B1 con matr\u00edcula en EOI), preparaci\u00f3n para las pruebas de acceso a ciclos formativos de grado superior y [&hellip;]<\/p>\n","protected":false},"author":1,"featured_media":21698,"comment_status":"closed","ping_status":"open","sticky":false,"template":"","format":"standard","meta":{"footnotes":""},"categories":[42],"tags":[],"class_list":["post-21697","post","type-post","status-publish","format-standard","has-post-thumbnail","hentry","category-ceper-elena-martin-vivaldi"],"_links":{"self":[{"href":"https:\/\/cullarvega.com\/casa-cultura\/wp-json\/wp\/v2\/posts\/21697","targetHints":{"allow":["GET"]}}],"collection":[{"href":"https:\/\/cullarvega.com\/casa-cultura\/wp-json\/wp\/v2\/posts"}],"about":[{"href":"https:\/\/cullarvega.com\/casa-cultura\/wp-json\/wp\/v2\/types\/post"}],"author":[{"embeddable":true,"href":"https:\/\/cullarvega.com\/casa-cultura\/wp-json\/wp\/v2\/users\/1"}],"replies":[{"embeddable":true,"href":"https:\/\/cullarvega.com\/casa-cultura\/wp-json\/wp\/v2\/comments?post=21697"}],"version-history":[{"count":1,"href":"https:\/\/cullarvega.com\/casa-cultura\/wp-json\/wp\/v2\/posts\/21697\/revisions"}],"predecessor-version":[{"id":21699,"href":"https:\/\/cullarvega.com\/casa-cultura\/wp-json\/wp\/v2\/posts\/21697\/revisions\/21699"}],"wp:featuredmedia":[{"embeddable":true,"href":"https:\/\/cullarvega.com\/casa-cultura\/wp-json\/wp\/v2\/media\/21698"}],"wp:attachment":[{"href":"https:\/\/cullarvega.com\/casa-cultura\/wp-json\/wp\/v2\/media?parent=21697"}],"wp:term":[{"taxonomy":"category","embeddable":true,"href":"https:\/\/cullarvega.com\/casa-cultura\/wp-json\/wp\/v2\/categories?post=21697"},{"taxonomy":"post_tag","embeddable":true,"href":"https:\/\/cullarvega.com\/casa-cultura\/wp-json\/wp\/v2\/tags?post=21697"}],"curies":[{"name":"wp","href":"https:\/\/api.w.org\/{rel}","templated":true}]}}