{"id":21691,"date":"2024-05-27T09:40:17","date_gmt":"2024-05-27T07:40:17","guid":{"rendered":"https:\/\/cullarvega.com\/casa-cultura\/?p=21691"},"modified":"2024-05-27T09:40:18","modified_gmt":"2024-05-27T07:40:18","slug":"tercera-edicion-taller-de-autodefensa","status":"publish","type":"post","link":"https:\/\/cullarvega.com\/casa-cultura\/tercera-edicion-taller-de-autodefensa\/","title":{"rendered":"Tercera Edici\u00f3n \u00abTaller de Autodefensa\u00bb"},"content":{"rendered":"\n<p>Os invitamos a participar en la III EDICI\u00d3N DEL TALLER DE AUTODEFENSA (para mujeres adultas a partir de 22 a\u00f1os). <\/p>\n\n\n\n<p>En este taller se ense\u00f1ar\u00e1 c\u00f3mo funciona un cerebro ante el estr\u00e9s de un ataque, qu\u00e9 tipo de lenguaje corporal podemos utilizar para prevenir agresiones f\u00edsicas y sexuales y t\u00e9cnicas defensivas eficaces y f\u00e1ciles de aprender. A cargo de Isabel Bernal, psic\u00f3loga experta en violencia de g\u00e9nero y terapeuta psico-corporal.<\/p>\n\n\n\n<p>&#8211; <strong>D\u00eda:<\/strong> S\u00e1bado 8 de junio.<\/p>\n\n\n\n<p>&#8211; <strong>Hora<\/strong>: De 10 a 17 h.<\/p>\n\n\n\n<p>&#8211; <strong>Lugar<\/strong>: Aula 1 de la Casa de la Cultura.<\/p>\n\n\n\n<p>&#8211; <strong>Almuerzo<\/strong> <strong>incluido<\/strong>.<\/p>\n\n\n\n<p>&#8211; <strong>Inscripciones<\/strong>: Hasta el 7 de junio en el tel\u00e9fono 958574133 o presencialmente en el Centro Municipal de Informaci\u00f3n a la Mujer.<\/p>\n\n\n\n<p><strong>&#8211; <\/strong> <strong>Aforo<\/strong> <strong>limitado<\/strong>.<\/p>\n","protected":false},"excerpt":{"rendered":"<p>Os invitamos a participar en la III EDICI\u00d3N DEL TALLER DE AUTODEFENSA (para mujeres adultas a partir de 22 a\u00f1os). En este taller se ense\u00f1ar\u00e1 c\u00f3mo funciona un cerebro ante el estr\u00e9s de un ataque, qu\u00e9 tipo de lenguaje corporal podemos utilizar para prevenir agresiones f\u00edsicas y sexuales y t\u00e9cnicas defensivas eficaces y f\u00e1ciles de [&hellip;]<\/p>\n","protected":false},"author":1,"featured_media":21692,"comment_status":"closed","ping_status":"open","sticky":false,"template":"","format":"standard","meta":{"footnotes":""},"categories":[176],"tags":[],"class_list":["post-21691","post","type-post","status-publish","format-standard","has-post-thumbnail","hentry","category-formacion"],"_links":{"self":[{"href":"https:\/\/cullarvega.com\/casa-cultura\/wp-json\/wp\/v2\/posts\/21691","targetHints":{"allow":["GET"]}}],"collection":[{"href":"https:\/\/cullarvega.com\/casa-cultura\/wp-json\/wp\/v2\/posts"}],"about":[{"href":"https:\/\/cullarvega.com\/casa-cultura\/wp-json\/wp\/v2\/types\/post"}],"author":[{"embeddable":true,"href":"https:\/\/cullarvega.com\/casa-cultura\/wp-json\/wp\/v2\/users\/1"}],"replies":[{"embeddable":true,"href":"https:\/\/cullarvega.com\/casa-cultura\/wp-json\/wp\/v2\/comments?post=21691"}],"version-history":[{"count":1,"href":"https:\/\/cullarvega.com\/casa-cultura\/wp-json\/wp\/v2\/posts\/21691\/revisions"}],"predecessor-version":[{"id":21693,"href":"https:\/\/cullarvega.com\/casa-cultura\/wp-json\/wp\/v2\/posts\/21691\/revisions\/21693"}],"wp:featuredmedia":[{"embeddable":true,"href":"https:\/\/cullarvega.com\/casa-cultura\/wp-json\/wp\/v2\/media\/21692"}],"wp:attachment":[{"href":"https:\/\/cullarvega.com\/casa-cultura\/wp-json\/wp\/v2\/media?parent=21691"}],"wp:term":[{"taxonomy":"category","embeddable":true,"href":"https:\/\/cullarvega.com\/casa-cultura\/wp-json\/wp\/v2\/categories?post=21691"},{"taxonomy":"post_tag","embeddable":true,"href":"https:\/\/cullarvega.com\/casa-cultura\/wp-json\/wp\/v2\/tags?post=21691"}],"curies":[{"name":"wp","href":"https:\/\/api.w.org\/{rel}","templated":true}]}}