{"id":21642,"date":"2024-05-09T14:00:42","date_gmt":"2024-05-09T12:00:42","guid":{"rendered":"https:\/\/cullarvega.com\/casa-cultura\/?p=21642"},"modified":"2026-01-28T09:15:41","modified_gmt":"2026-01-28T07:15:41","slug":"taller-de-herramientas-de-diseno-video-e-inteligencia-artificial-para-digitalizar-tu-negocio","status":"publish","type":"post","link":"https:\/\/cullarvega.com\/casa-cultura\/taller-de-herramientas-de-diseno-video-e-inteligencia-artificial-para-digitalizar-tu-negocio\/","title":{"rendered":"Taller de herramientas de dise\u00f1o, v\u00eddeo e inteligencia artificial para digitalizar tu negocio"},"content":{"rendered":"\n<p>Taller Pr\u00e1ctico sobre el uso de la herramienta<strong>&nbsp;CANVA<\/strong> para dominar el uso de Canva como una herramienta integral de dise\u00f1o y edici\u00f3n y crear y personalizar as\u00ed dise\u00f1os de plantillas para diversas necesidades empresariales.<\/p>\n\n\n\n<p>&#8211; <strong>D\u00eda<\/strong>:  Lunes 20 de Mayo de 2024<\/p>\n\n\n\n<p>&#8211; <strong>Inscripci\u00f3n<\/strong>: <a href=\"https:\/\/www.acelerapymegranada.es\/evento\/diseno-con-canva-para-empresas\/\">https:\/\/www.acelerapymegranada.es\/evento\/diseno-con-canva-para-empresas\/<\/a><\/p>\n\n\n\n<p>&#8211; <strong>Lugar de impartici\u00f3n<\/strong>: Punto Vuela C\u00fallar Vega<\/p>\n\n\n\n<p>Para aquellas y aquellos interesados que no puedan acudir presencialmente (aunque por su car\u00e1cter pr\u00e1ctico es aconsejable) lo&nbsp;<strong>retransmitiremos &nbsp;directo<\/strong>. Inscr\u00edbete al evento de forma online y&nbsp; te enviaremos el enlace unos d\u00edas antes.<\/p>\n\n\n\n<p>De la mano de&nbsp;<strong>Mireia Su\u00e1rez,&nbsp;<\/strong>directora en Marketing&nbsp; Digital&nbsp; aprenderemos:<\/p>\n\n\n\n<p>\u2022&nbsp;<strong>Introducci\u00f3n a Canva<\/strong>: Crea tu cuenta, explora la interfaz y descubre las funciones b\u00e1sicas.<\/p>\n\n\n\n<p>\u2022&nbsp;<strong>Herramientas esenciales<\/strong>: Domina las herramientas de dise\u00f1o para crear flyers, publicaciones para redes sociales y mucho m\u00e1s.<\/p>\n\n\n\n<p>\u2022&nbsp;<strong>Plantillas y recursos<\/strong>: Ahorra tiempo y esfuerzo utilizando plantillas personalizables y una amplia biblioteca de im\u00e1genes, videos y elementos.<\/p>\n\n\n\n<p>\u2022&nbsp;<strong>Edici\u00f3n de video:<\/strong>&nbsp;Aprende a editar videos cortos y atractivos para tus redes sociales.<\/p>\n\n\n\n<p>\u2022&nbsp;<strong>Consejos y trucos<\/strong>: Desarrolla estrategias para crear contenido visual que destaque y atraiga a tu p\u00fablico objetivo<\/p>\n\n\n\n<p><strong>Os aconsejamos llevar port\u00e1til o tablet<\/strong><\/p>\n\n\n\n<figure class=\"wp-block-image size-large\"><a href=\"https:\/\/cullarvega.com\/casa-cultura\/wp-content\/uploads\/2024\/05\/taller-canva-para-empresas.jpg\"><img fetchpriority=\"high\" decoding=\"async\" width=\"725\" height=\"1024\" src=\"https:\/\/cullarvega.com\/casa-cultura\/wp-content\/uploads\/2024\/05\/taller-canva-para-empresas-725x1024.jpg\" alt=\"\" class=\"wp-image-21643\" srcset=\"https:\/\/cullarvega.com\/casa-cultura\/wp-content\/uploads\/2024\/05\/taller-canva-para-empresas-725x1024.jpg 725w, https:\/\/cullarvega.com\/casa-cultura\/wp-content\/uploads\/2024\/05\/taller-canva-para-empresas-212x300.jpg 212w, https:\/\/cullarvega.com\/casa-cultura\/wp-content\/uploads\/2024\/05\/taller-canva-para-empresas-768x1085.jpg 768w, https:\/\/cullarvega.com\/casa-cultura\/wp-content\/uploads\/2024\/05\/taller-canva-para-empresas-1087x1536.jpg 1087w, https:\/\/cullarvega.com\/casa-cultura\/wp-content\/uploads\/2024\/05\/taller-canva-para-empresas-1449x2048.jpg 1449w, https:\/\/cullarvega.com\/casa-cultura\/wp-content\/uploads\/2024\/05\/taller-canva-para-empresas-425x600.jpg 425w, https:\/\/cullarvega.com\/casa-cultura\/wp-content\/uploads\/2024\/05\/taller-canva-para-empresas-396x560.jpg 396w, https:\/\/cullarvega.com\/casa-cultura\/wp-content\/uploads\/2024\/05\/taller-canva-para-empresas.jpg 1755w\" sizes=\"(max-width: 725px) 100vw, 725px\" \/><\/a><\/figure>\n","protected":false},"excerpt":{"rendered":"<p>Taller Pr\u00e1ctico sobre el uso de la herramienta&nbsp;CANVA para dominar el uso de Canva como una herramienta integral de dise\u00f1o y edici\u00f3n y crear y personalizar as\u00ed dise\u00f1os de plantillas para diversas necesidades empresariales. &#8211; D\u00eda: Lunes 20 de Mayo de 2024 &#8211; Inscripci\u00f3n: https:\/\/www.acelerapymegranada.es\/evento\/diseno-con-canva-para-empresas\/ &#8211; Lugar de impartici\u00f3n: Punto Vuela C\u00fallar Vega Para aquellas [&hellip;]<\/p>\n","protected":false},"author":1,"featured_media":21643,"comment_status":"closed","ping_status":"open","sticky":false,"template":"","format":"standard","meta":{"footnotes":""},"categories":[43],"tags":[],"class_list":["post-21642","post","type-post","status-publish","format-standard","has-post-thumbnail","hentry","category-punto-vuela"],"_links":{"self":[{"href":"https:\/\/cullarvega.com\/casa-cultura\/wp-json\/wp\/v2\/posts\/21642","targetHints":{"allow":["GET"]}}],"collection":[{"href":"https:\/\/cullarvega.com\/casa-cultura\/wp-json\/wp\/v2\/posts"}],"about":[{"href":"https:\/\/cullarvega.com\/casa-cultura\/wp-json\/wp\/v2\/types\/post"}],"author":[{"embeddable":true,"href":"https:\/\/cullarvega.com\/casa-cultura\/wp-json\/wp\/v2\/users\/1"}],"replies":[{"embeddable":true,"href":"https:\/\/cullarvega.com\/casa-cultura\/wp-json\/wp\/v2\/comments?post=21642"}],"version-history":[{"count":2,"href":"https:\/\/cullarvega.com\/casa-cultura\/wp-json\/wp\/v2\/posts\/21642\/revisions"}],"predecessor-version":[{"id":22214,"href":"https:\/\/cullarvega.com\/casa-cultura\/wp-json\/wp\/v2\/posts\/21642\/revisions\/22214"}],"wp:featuredmedia":[{"embeddable":true,"href":"https:\/\/cullarvega.com\/casa-cultura\/wp-json\/wp\/v2\/media\/21643"}],"wp:attachment":[{"href":"https:\/\/cullarvega.com\/casa-cultura\/wp-json\/wp\/v2\/media?parent=21642"}],"wp:term":[{"taxonomy":"category","embeddable":true,"href":"https:\/\/cullarvega.com\/casa-cultura\/wp-json\/wp\/v2\/categories?post=21642"},{"taxonomy":"post_tag","embeddable":true,"href":"https:\/\/cullarvega.com\/casa-cultura\/wp-json\/wp\/v2\/tags?post=21642"}],"curies":[{"name":"wp","href":"https:\/\/api.w.org\/{rel}","templated":true}]}}