{"id":21636,"date":"2024-05-08T15:46:26","date_gmt":"2024-05-08T13:46:26","guid":{"rendered":"https:\/\/cullarvega.com\/casa-cultura\/?p=21636"},"modified":"2024-05-08T15:46:26","modified_gmt":"2024-05-08T13:46:26","slug":"taller-descubriendo-mi-ciclo-menstrual","status":"publish","type":"post","link":"https:\/\/cullarvega.com\/casa-cultura\/taller-descubriendo-mi-ciclo-menstrual\/","title":{"rendered":"Taller \u00abDescubriendo mi ciclo menstrual\u00bb"},"content":{"rendered":"\n<p>Dentro de la&nbsp;programaci\u00f3n&nbsp;del <strong>D\u00eda Internacional de Acci\u00f3n por la Salud&nbsp;de las Mujeres,<\/strong> os invitamos a participar en el&nbsp;Taller \u00ab<strong>Descubriendo mi ciclo menstrua<\/strong>l\u00bb.&nbsp;que tendr\u00e1 lugar el pr\u00f3ximo&nbsp;viernes&nbsp;24 de mayo&nbsp;de 2024.&nbsp;<\/p>\n\n\n\n<p>&#8211; <strong>Contenidos<\/strong>: biolog\u00eda del ciclo menstrual y su relaci\u00f3n con nuestro cuerpo\/mente, contexto social y perspectiva de g\u00e9nero, mitos y creencias en torno al ciclo, resignificaci\u00f3n de experiencias menstruales, recursos para el autoconocimiento, dispositivos alternativos de gesti\u00f3n de sangrado menstrual, ciclo menstrual y violencia de g\u00e9nero\u2026&nbsp;<\/p>\n\n\n\n<p>&#8211; <strong>Dirigido<\/strong> a mujeres de hasta 25 a\u00f1os.&nbsp; (La distribuci\u00f3n de las actividades de la Concejal\u00eda por segmentos de edad se debe a que las experiencias y circunstancias son diferentes en cada fase de la vida). Las menores de 16 a\u00f1os deben de presentar autorizaci\u00f3n materna\/paterna previa y enviarla al tel\u00e9fono 636678340.<\/p>\n\n\n\n<p>&#8211; <strong>Lugar<\/strong>:&nbsp;Sala de Exposiciones de la Casa de la Cultura.<\/p>\n\n\n\n<p>&#8211; <strong>Hora:<\/strong>&nbsp;17.00 h.<\/p>\n\n\n\n<p>&#8211; <strong>Inscripciones<\/strong>:&nbsp;En el Centro Municipal de Informaci\u00f3n a la Mujer o en el tel\u00e9fono&nbsp;958 574 133<\/p>\n\n\n\n<p>&#8211; Merienda incluida en el taller.  AFORO LIMITADO.<\/p>\n\n\n\n<p>&#8211; <strong>Organiza:<\/strong> Concejal\u00eda de Salud y Pol\u00edticas de Igualdad<\/p>\n\n\n\n<figure class=\"wp-block-image size-large\"><a href=\"https:\/\/cullarvega.com\/casa-cultura\/wp-content\/uploads\/2024\/05\/taller-descubriendo-mi-ciclo-menstrual.jpg\"><img fetchpriority=\"high\" decoding=\"async\" width=\"576\" height=\"1024\" src=\"https:\/\/cullarvega.com\/casa-cultura\/wp-content\/uploads\/2024\/05\/taller-descubriendo-mi-ciclo-menstrual-576x1024.jpg\" alt=\"\" class=\"wp-image-21637\" srcset=\"https:\/\/cullarvega.com\/casa-cultura\/wp-content\/uploads\/2024\/05\/taller-descubriendo-mi-ciclo-menstrual-576x1024.jpg 576w, https:\/\/cullarvega.com\/casa-cultura\/wp-content\/uploads\/2024\/05\/taller-descubriendo-mi-ciclo-menstrual-169x300.jpg 169w, https:\/\/cullarvega.com\/casa-cultura\/wp-content\/uploads\/2024\/05\/taller-descubriendo-mi-ciclo-menstrual-768x1365.jpg 768w, https:\/\/cullarvega.com\/casa-cultura\/wp-content\/uploads\/2024\/05\/taller-descubriendo-mi-ciclo-menstrual-864x1536.jpg 864w, https:\/\/cullarvega.com\/casa-cultura\/wp-content\/uploads\/2024\/05\/taller-descubriendo-mi-ciclo-menstrual-338x600.jpg 338w, https:\/\/cullarvega.com\/casa-cultura\/wp-content\/uploads\/2024\/05\/taller-descubriendo-mi-ciclo-menstrual-315x560.jpg 315w, https:\/\/cullarvega.com\/casa-cultura\/wp-content\/uploads\/2024\/05\/taller-descubriendo-mi-ciclo-menstrual.jpg 1080w\" sizes=\"(max-width: 576px) 100vw, 576px\" \/><\/a><\/figure>\n","protected":false},"excerpt":{"rendered":"<p>Dentro de la&nbsp;programaci\u00f3n&nbsp;del D\u00eda Internacional de Acci\u00f3n por la Salud&nbsp;de las Mujeres, os invitamos a participar en el&nbsp;Taller \u00abDescubriendo mi ciclo menstrual\u00bb.&nbsp;que tendr\u00e1 lugar el pr\u00f3ximo&nbsp;viernes&nbsp;24 de mayo&nbsp;de 2024.&nbsp; &#8211; Contenidos: biolog\u00eda del ciclo menstrual y su relaci\u00f3n con nuestro cuerpo\/mente, contexto social y perspectiva de g\u00e9nero, mitos y creencias en torno al ciclo, resignificaci\u00f3n [&hellip;]<\/p>\n","protected":false},"author":1,"featured_media":21637,"comment_status":"closed","ping_status":"open","sticky":false,"template":"","format":"standard","meta":{"footnotes":""},"categories":[176],"tags":[],"class_list":["post-21636","post","type-post","status-publish","format-standard","has-post-thumbnail","hentry","category-formacion"],"_links":{"self":[{"href":"https:\/\/cullarvega.com\/casa-cultura\/wp-json\/wp\/v2\/posts\/21636","targetHints":{"allow":["GET"]}}],"collection":[{"href":"https:\/\/cullarvega.com\/casa-cultura\/wp-json\/wp\/v2\/posts"}],"about":[{"href":"https:\/\/cullarvega.com\/casa-cultura\/wp-json\/wp\/v2\/types\/post"}],"author":[{"embeddable":true,"href":"https:\/\/cullarvega.com\/casa-cultura\/wp-json\/wp\/v2\/users\/1"}],"replies":[{"embeddable":true,"href":"https:\/\/cullarvega.com\/casa-cultura\/wp-json\/wp\/v2\/comments?post=21636"}],"version-history":[{"count":1,"href":"https:\/\/cullarvega.com\/casa-cultura\/wp-json\/wp\/v2\/posts\/21636\/revisions"}],"predecessor-version":[{"id":21638,"href":"https:\/\/cullarvega.com\/casa-cultura\/wp-json\/wp\/v2\/posts\/21636\/revisions\/21638"}],"wp:featuredmedia":[{"embeddable":true,"href":"https:\/\/cullarvega.com\/casa-cultura\/wp-json\/wp\/v2\/media\/21637"}],"wp:attachment":[{"href":"https:\/\/cullarvega.com\/casa-cultura\/wp-json\/wp\/v2\/media?parent=21636"}],"wp:term":[{"taxonomy":"category","embeddable":true,"href":"https:\/\/cullarvega.com\/casa-cultura\/wp-json\/wp\/v2\/categories?post=21636"},{"taxonomy":"post_tag","embeddable":true,"href":"https:\/\/cullarvega.com\/casa-cultura\/wp-json\/wp\/v2\/tags?post=21636"}],"curies":[{"name":"wp","href":"https:\/\/api.w.org\/{rel}","templated":true}]}}