{"id":21631,"date":"2024-05-07T15:57:55","date_gmt":"2024-05-07T13:57:55","guid":{"rendered":"https:\/\/cullarvega.com\/casa-cultura\/?p=21631"},"modified":"2024-05-07T15:57:56","modified_gmt":"2024-05-07T13:57:56","slug":"sabias-que-cruz-roja-puede-ayudarte-a-conseguir-empleo-sesion-informativa-el-lunes-27-de-mayo","status":"publish","type":"post","link":"https:\/\/cullarvega.com\/casa-cultura\/sabias-que-cruz-roja-puede-ayudarte-a-conseguir-empleo-sesion-informativa-el-lunes-27-de-mayo\/","title":{"rendered":"\u00bfSab\u00edas que Cruz Roja puede ayudarte a conseguir empleo? sesi\u00f3n informativa el lunes 27 de mayo"},"content":{"rendered":"\n<p>Si quieres saber como <strong>Cruz Roja<\/strong> puede ayudarte a conseguir empleo, no faltes a la sesi\u00f3n informativa el pr\u00f3ximo lunes 27 de mayo a las 10:00 h en la Casa de la Cultura de C\u00fallar Vega, donde trataremos de como y donde buscas trabajo, del autocuidado y del autoempleo.<\/p>\n\n\n\n<figure class=\"wp-block-image size-large\"><a href=\"https:\/\/cullarvega.com\/casa-cultura\/wp-content\/uploads\/2024\/05\/cruz-roja-busqueda-de-empleo.png\"><img fetchpriority=\"high\" decoding=\"async\" width=\"724\" height=\"1024\" src=\"https:\/\/cullarvega.com\/casa-cultura\/wp-content\/uploads\/2024\/05\/cruz-roja-busqueda-de-empleo-724x1024.png\" alt=\"\" class=\"wp-image-21632\" srcset=\"https:\/\/cullarvega.com\/casa-cultura\/wp-content\/uploads\/2024\/05\/cruz-roja-busqueda-de-empleo-724x1024.png 724w, https:\/\/cullarvega.com\/casa-cultura\/wp-content\/uploads\/2024\/05\/cruz-roja-busqueda-de-empleo-212x300.png 212w, https:\/\/cullarvega.com\/casa-cultura\/wp-content\/uploads\/2024\/05\/cruz-roja-busqueda-de-empleo-768x1086.png 768w, https:\/\/cullarvega.com\/casa-cultura\/wp-content\/uploads\/2024\/05\/cruz-roja-busqueda-de-empleo-1086x1536.png 1086w, https:\/\/cullarvega.com\/casa-cultura\/wp-content\/uploads\/2024\/05\/cruz-roja-busqueda-de-empleo-424x600.png 424w, https:\/\/cullarvega.com\/casa-cultura\/wp-content\/uploads\/2024\/05\/cruz-roja-busqueda-de-empleo-396x560.png 396w, https:\/\/cullarvega.com\/casa-cultura\/wp-content\/uploads\/2024\/05\/cruz-roja-busqueda-de-empleo.png 1414w\" sizes=\"(max-width: 724px) 100vw, 724px\" \/><\/a><\/figure>\n","protected":false},"excerpt":{"rendered":"<p>Si quieres saber como Cruz Roja puede ayudarte a conseguir empleo, no faltes a la sesi\u00f3n informativa el pr\u00f3ximo lunes 27 de mayo a las 10:00 h en la Casa de la Cultura de C\u00fallar Vega, donde trataremos de como y donde buscas trabajo, del autocuidado y del autoempleo.<\/p>\n","protected":false},"author":1,"featured_media":21632,"comment_status":"closed","ping_status":"open","sticky":false,"template":"","format":"standard","meta":{"footnotes":""},"categories":[176],"tags":[],"class_list":["post-21631","post","type-post","status-publish","format-standard","has-post-thumbnail","hentry","category-formacion"],"_links":{"self":[{"href":"https:\/\/cullarvega.com\/casa-cultura\/wp-json\/wp\/v2\/posts\/21631","targetHints":{"allow":["GET"]}}],"collection":[{"href":"https:\/\/cullarvega.com\/casa-cultura\/wp-json\/wp\/v2\/posts"}],"about":[{"href":"https:\/\/cullarvega.com\/casa-cultura\/wp-json\/wp\/v2\/types\/post"}],"author":[{"embeddable":true,"href":"https:\/\/cullarvega.com\/casa-cultura\/wp-json\/wp\/v2\/users\/1"}],"replies":[{"embeddable":true,"href":"https:\/\/cullarvega.com\/casa-cultura\/wp-json\/wp\/v2\/comments?post=21631"}],"version-history":[{"count":1,"href":"https:\/\/cullarvega.com\/casa-cultura\/wp-json\/wp\/v2\/posts\/21631\/revisions"}],"predecessor-version":[{"id":21633,"href":"https:\/\/cullarvega.com\/casa-cultura\/wp-json\/wp\/v2\/posts\/21631\/revisions\/21633"}],"wp:featuredmedia":[{"embeddable":true,"href":"https:\/\/cullarvega.com\/casa-cultura\/wp-json\/wp\/v2\/media\/21632"}],"wp:attachment":[{"href":"https:\/\/cullarvega.com\/casa-cultura\/wp-json\/wp\/v2\/media?parent=21631"}],"wp:term":[{"taxonomy":"category","embeddable":true,"href":"https:\/\/cullarvega.com\/casa-cultura\/wp-json\/wp\/v2\/categories?post=21631"},{"taxonomy":"post_tag","embeddable":true,"href":"https:\/\/cullarvega.com\/casa-cultura\/wp-json\/wp\/v2\/tags?post=21631"}],"curies":[{"name":"wp","href":"https:\/\/api.w.org\/{rel}","templated":true}]}}