{"id":21626,"date":"2024-05-06T13:01:17","date_gmt":"2024-05-06T11:01:17","guid":{"rendered":"https:\/\/cullarvega.com\/casa-cultura\/?p=21626"},"modified":"2024-05-06T13:01:18","modified_gmt":"2024-05-06T11:01:18","slug":"proyectos-integrales-para-la-insercion-laboral-t-acompanamos","status":"publish","type":"post","link":"https:\/\/cullarvega.com\/casa-cultura\/proyectos-integrales-para-la-insercion-laboral-t-acompanamos\/","title":{"rendered":"PROYECTOS INTEGRALES PARA LA INSERCI\u00d3N LABORAL T-ACOMPA\u00d1AMOS"},"content":{"rendered":"\n<p><strong>El Ayuntamiento de C\u00fallar Vega colabora con Fundaci\u00f3n Grupo Ineprodes<\/strong> en el desarrollo del \u201c<strong>Proyecto Integral para la inserci\u00f3n laboral T- Acompa\u00f1amos\u201d<\/strong> dirigido a personas desempleadas y que tiene como <strong>objetivo<\/strong> la Atenci\u00f3n personalizada de colectivos vulnerables de nuestro municipio a trav\u00e9s de proyectos integrales de empleo, que incluyen <strong>Acciones de orientaci\u00f3n, Acciones formativas y Acciones para la inserci\u00f3n.<\/strong><\/p>\n\n\n\n<p><strong>DIRIGIDO A PERSONAS DESEMPLEADAS QUE PERTENEZCAN A ALGUNO DE LOS COLECTIVOS SIGUIENTES:<\/strong><\/p>\n\n\n\n<p><strong>\u2022&nbsp;&nbsp;&nbsp;&nbsp;&nbsp; <\/strong><strong>Personas con Discapacidad<\/strong><\/p>\n\n\n\n<p><strong>\u2022&nbsp;&nbsp;&nbsp;&nbsp;&nbsp; Desempleo de Larga Duraci\u00f3n<\/strong><\/p>\n\n\n\n<p><strong>\u2022&nbsp;&nbsp;&nbsp;&nbsp;&nbsp; Mayores de 45 a\u00f1os<\/strong><\/p>\n\n\n\n<p><strong>\u2022&nbsp;&nbsp;&nbsp;&nbsp;&nbsp; Personas migrantes<\/strong><\/p>\n\n\n\n<p><strong>\u2022&nbsp;&nbsp;&nbsp;&nbsp;&nbsp; Personas perceptoras de Prestaciones: Subsidio desempleo.<\/strong><\/p>\n\n\n\n<p><strong>CONSTA DE 2 FASES<\/strong><\/p>\n\n\n\n<p><strong>FASE 1: ORIENTACI\u00d3N<\/strong>: A) Actuaciones de Orientaci\u00f3n Laboral | B) Formaci\u00f3n<\/p>\n\n\n\n<p><strong>FASE 2: PROYECTO DE INSERCI\u00d3N<\/strong>: El <strong>40% de las personas participantes ser\u00e1n insertadas<\/strong> laboralmente.<\/p>\n\n\n\n<p><strong>AYUDA ECON\u00d3MICA<\/strong>: <strong>Incentivo a la participaci\u00f3n de 528\u20ac<\/strong> para quienes completen su participaci\u00f3n en el programa.<\/p>\n\n\n\n<p><strong>SESI\u00d3N INFORMATIVA<\/strong>: PR\u00d3XIMO 18 de JUNIO a las 12h EN LA CASA DE LA CULTURA DE CULLAR VEGA<\/p>\n\n\n\n<p><strong>PARA M\u00c1S INFORMACI\u00d3N:<\/strong> <strong>Tel\u00e9fono<\/strong> 604 528 299 | <strong>Email: <\/strong><a href=\"mailto:orientagranadafundacion@gmail.com\">orientagranadafundacion@gmail.com<\/a><\/p>\n\n\n\n<p><strong>\u00a1\u00a1 NO DEJES PASAR ESTA OPORTUNIDAD !!<\/strong><\/p>\n\n\n\n<p><strong>\u00a1\u00a1\u00a1&nbsp; PREINSCR\u00cdBETE !!!<\/strong><\/p>\n\n\n\n<p><strong>\u00a0RELLENA EL CUESTIONARIO A TRAV\u00c9S DEL SIGUIENTE ENLACE: <\/strong><a href=\"https:\/\/docs.google.com\/forms\/u\/1\/d\/e\/1FAIpQLSeTarIFDqCkR3JxDqaQhy0UhUlbKMxEQ2X0bUmIKKeAJnyQWQ\/viewform\" target=\"_blank\" rel=\"noreferrer noopener\">https:\/\/docs.google.com\/forms\/u\/1\/d\/e\/1FAIpQLSeTarIFDqCkR3JxDqaQhy0UhUlbKMxEQ2X0bUmIKKeAJnyQWQ\/viewform<\/a><\/p>\n\n\n\n<figure class=\"wp-block-image size-full\"><a href=\"https:\/\/cullarvega.com\/casa-cultura\/wp-content\/uploads\/2024\/05\/CARTE-INEPRODES-4K-724x1024-1.jpeg\"><img fetchpriority=\"high\" decoding=\"async\" width=\"724\" height=\"1024\" src=\"https:\/\/cullarvega.com\/casa-cultura\/wp-content\/uploads\/2024\/05\/CARTE-INEPRODES-4K-724x1024-1.jpeg\" alt=\"\" class=\"wp-image-21627\" srcset=\"https:\/\/cullarvega.com\/casa-cultura\/wp-content\/uploads\/2024\/05\/CARTE-INEPRODES-4K-724x1024-1.jpeg 724w, https:\/\/cullarvega.com\/casa-cultura\/wp-content\/uploads\/2024\/05\/CARTE-INEPRODES-4K-724x1024-1-212x300.jpeg 212w, https:\/\/cullarvega.com\/casa-cultura\/wp-content\/uploads\/2024\/05\/CARTE-INEPRODES-4K-724x1024-1-424x600.jpeg 424w, https:\/\/cullarvega.com\/casa-cultura\/wp-content\/uploads\/2024\/05\/CARTE-INEPRODES-4K-724x1024-1-396x560.jpeg 396w\" sizes=\"(max-width: 724px) 100vw, 724px\" \/><\/a><\/figure>\n","protected":false},"excerpt":{"rendered":"<p>El Ayuntamiento de C\u00fallar Vega colabora con Fundaci\u00f3n Grupo Ineprodes en el desarrollo del \u201cProyecto Integral para la inserci\u00f3n laboral T- Acompa\u00f1amos\u201d dirigido a personas desempleadas y que tiene como objetivo la Atenci\u00f3n personalizada de colectivos vulnerables de nuestro municipio a trav\u00e9s de proyectos integrales de empleo, que incluyen Acciones de orientaci\u00f3n, Acciones formativas y [&hellip;]<\/p>\n","protected":false},"author":1,"featured_media":21627,"comment_status":"closed","ping_status":"open","sticky":false,"template":"","format":"standard","meta":{"footnotes":""},"categories":[1],"tags":[],"class_list":["post-21626","post","type-post","status-publish","format-standard","has-post-thumbnail","hentry","category-actualidad"],"_links":{"self":[{"href":"https:\/\/cullarvega.com\/casa-cultura\/wp-json\/wp\/v2\/posts\/21626","targetHints":{"allow":["GET"]}}],"collection":[{"href":"https:\/\/cullarvega.com\/casa-cultura\/wp-json\/wp\/v2\/posts"}],"about":[{"href":"https:\/\/cullarvega.com\/casa-cultura\/wp-json\/wp\/v2\/types\/post"}],"author":[{"embeddable":true,"href":"https:\/\/cullarvega.com\/casa-cultura\/wp-json\/wp\/v2\/users\/1"}],"replies":[{"embeddable":true,"href":"https:\/\/cullarvega.com\/casa-cultura\/wp-json\/wp\/v2\/comments?post=21626"}],"version-history":[{"count":1,"href":"https:\/\/cullarvega.com\/casa-cultura\/wp-json\/wp\/v2\/posts\/21626\/revisions"}],"predecessor-version":[{"id":21628,"href":"https:\/\/cullarvega.com\/casa-cultura\/wp-json\/wp\/v2\/posts\/21626\/revisions\/21628"}],"wp:featuredmedia":[{"embeddable":true,"href":"https:\/\/cullarvega.com\/casa-cultura\/wp-json\/wp\/v2\/media\/21627"}],"wp:attachment":[{"href":"https:\/\/cullarvega.com\/casa-cultura\/wp-json\/wp\/v2\/media?parent=21626"}],"wp:term":[{"taxonomy":"category","embeddable":true,"href":"https:\/\/cullarvega.com\/casa-cultura\/wp-json\/wp\/v2\/categories?post=21626"},{"taxonomy":"post_tag","embeddable":true,"href":"https:\/\/cullarvega.com\/casa-cultura\/wp-json\/wp\/v2\/tags?post=21626"}],"curies":[{"name":"wp","href":"https:\/\/api.w.org\/{rel}","templated":true}]}}