{"id":21621,"date":"2024-05-02T09:24:28","date_gmt":"2024-05-02T07:24:28","guid":{"rendered":"https:\/\/cullarvega.com\/casa-cultura\/?p=21621"},"modified":"2024-05-02T09:24:30","modified_gmt":"2024-05-02T07:24:30","slug":"conferencia-los-motes-de-cullar-vega-entre-1950-y-1980","status":"publish","type":"post","link":"https:\/\/cullarvega.com\/casa-cultura\/conferencia-los-motes-de-cullar-vega-entre-1950-y-1980\/","title":{"rendered":"Conferencia \u00abLos Motes de C\u00fallar Vega entre 1950 y 1980\u00bb"},"content":{"rendered":"\n<p>El viernes 10 de mayo tendr\u00e1 lugar la conferencia \u00ab<strong>Los Motes de C\u00fallar Vega entre 1950 y 1980<\/strong>\u00bb a cargo de <strong>Antonio Morales Gonz\u00e1lez<\/strong>.<\/p>\n\n\n\n<p><strong>D\u00eda<\/strong>: 10 de Mayo<\/p>\n\n\n\n<p><strong>Hora<\/strong>: 18 h.<\/p>\n\n\n\n<p><strong>Lugar<\/strong>: Casa de la Cultura de C\u00fallar Vega (Aula 1)<\/p>\n\n\n\n<figure class=\"wp-block-image size-large\"><a href=\"https:\/\/cullarvega.com\/casa-cultura\/wp-content\/uploads\/2024\/05\/los-motes-cullar-vega-1950-1980.jpeg\"><img fetchpriority=\"high\" decoding=\"async\" width=\"716\" height=\"1024\" src=\"https:\/\/cullarvega.com\/casa-cultura\/wp-content\/uploads\/2024\/05\/los-motes-cullar-vega-1950-1980-716x1024.jpeg\" alt=\"\" class=\"wp-image-21622\" srcset=\"https:\/\/cullarvega.com\/casa-cultura\/wp-content\/uploads\/2024\/05\/los-motes-cullar-vega-1950-1980-716x1024.jpeg 716w, https:\/\/cullarvega.com\/casa-cultura\/wp-content\/uploads\/2024\/05\/los-motes-cullar-vega-1950-1980-210x300.jpeg 210w, https:\/\/cullarvega.com\/casa-cultura\/wp-content\/uploads\/2024\/05\/los-motes-cullar-vega-1950-1980-768x1098.jpeg 768w, https:\/\/cullarvega.com\/casa-cultura\/wp-content\/uploads\/2024\/05\/los-motes-cullar-vega-1950-1980-1074x1536.jpeg 1074w, https:\/\/cullarvega.com\/casa-cultura\/wp-content\/uploads\/2024\/05\/los-motes-cullar-vega-1950-1980-420x600.jpeg 420w, https:\/\/cullarvega.com\/casa-cultura\/wp-content\/uploads\/2024\/05\/los-motes-cullar-vega-1950-1980-392x560.jpeg 392w, https:\/\/cullarvega.com\/casa-cultura\/wp-content\/uploads\/2024\/05\/los-motes-cullar-vega-1950-1980.jpeg 1119w\" sizes=\"(max-width: 716px) 100vw, 716px\" \/><\/a><\/figure>\n","protected":false},"excerpt":{"rendered":"<p>El viernes 10 de mayo tendr\u00e1 lugar la conferencia \u00abLos Motes de C\u00fallar Vega entre 1950 y 1980\u00bb a cargo de Antonio Morales Gonz\u00e1lez. D\u00eda: 10 de Mayo Hora: 18 h. Lugar: Casa de la Cultura de C\u00fallar Vega (Aula 1)<\/p>\n","protected":false},"author":1,"featured_media":21622,"comment_status":"closed","ping_status":"open","sticky":false,"template":"","format":"standard","meta":{"footnotes":""},"categories":[176],"tags":[],"class_list":["post-21621","post","type-post","status-publish","format-standard","has-post-thumbnail","hentry","category-formacion"],"_links":{"self":[{"href":"https:\/\/cullarvega.com\/casa-cultura\/wp-json\/wp\/v2\/posts\/21621","targetHints":{"allow":["GET"]}}],"collection":[{"href":"https:\/\/cullarvega.com\/casa-cultura\/wp-json\/wp\/v2\/posts"}],"about":[{"href":"https:\/\/cullarvega.com\/casa-cultura\/wp-json\/wp\/v2\/types\/post"}],"author":[{"embeddable":true,"href":"https:\/\/cullarvega.com\/casa-cultura\/wp-json\/wp\/v2\/users\/1"}],"replies":[{"embeddable":true,"href":"https:\/\/cullarvega.com\/casa-cultura\/wp-json\/wp\/v2\/comments?post=21621"}],"version-history":[{"count":1,"href":"https:\/\/cullarvega.com\/casa-cultura\/wp-json\/wp\/v2\/posts\/21621\/revisions"}],"predecessor-version":[{"id":21623,"href":"https:\/\/cullarvega.com\/casa-cultura\/wp-json\/wp\/v2\/posts\/21621\/revisions\/21623"}],"wp:featuredmedia":[{"embeddable":true,"href":"https:\/\/cullarvega.com\/casa-cultura\/wp-json\/wp\/v2\/media\/21622"}],"wp:attachment":[{"href":"https:\/\/cullarvega.com\/casa-cultura\/wp-json\/wp\/v2\/media?parent=21621"}],"wp:term":[{"taxonomy":"category","embeddable":true,"href":"https:\/\/cullarvega.com\/casa-cultura\/wp-json\/wp\/v2\/categories?post=21621"},{"taxonomy":"post_tag","embeddable":true,"href":"https:\/\/cullarvega.com\/casa-cultura\/wp-json\/wp\/v2\/tags?post=21621"}],"curies":[{"name":"wp","href":"https:\/\/api.w.org\/{rel}","templated":true}]}}