{"id":21609,"date":"2024-04-16T07:53:45","date_gmt":"2024-04-16T05:53:45","guid":{"rendered":"https:\/\/cullarvega.com\/casa-cultura\/?p=21609"},"modified":"2024-04-16T07:53:45","modified_gmt":"2024-04-16T05:53:45","slug":"jornada-de-seleccion-de-personal-sociosanitario-para-ayuda-a-domicilio","status":"publish","type":"post","link":"https:\/\/cullarvega.com\/casa-cultura\/jornada-de-seleccion-de-personal-sociosanitario-para-ayuda-a-domicilio\/","title":{"rendered":"Jornada de selecci\u00f3n de personal sociosanitario para ayuda a domicilio"},"content":{"rendered":"\n<p><strong>\u00bfQuieres trabajar como Auxiliar de Ayuda a Domicilio? <\/strong>El pr\u00f3ximo 24 de abril, de 10 a 14 h, estaremos en la Casa de la Cultura de C\u00fallar Vega para una jornada de selecci\u00f3n de personal sociosanitario a personas dependientes en el Domicilio.<\/p>\n\n\n\n<p>Inscr\u00edbete en la oferta a trav\u00e9s del siguiente enlace: <a href=\"https:\/\/canaldeempleo.es\/CLECE\/job\/Cullar-Vega-NOS-CONOCEMOS-C%C3%9ALLAR-VEGA-Gran\/792445102\/\">https:\/\/canaldeempleo.es\/CLECE\/job\/Cullar-Vega-NOS-CONOCEMOS-C%C3%9ALLAR-VEGA-Gran\/792445102\/<\/a> y nos pondremos en contacto contigo para concertar una entrevista.<\/p>\n\n\n\n<p>\u00a1No olvides de traer tu CV actualizado!<\/p>\n\n\n\n<figure class=\"wp-block-image size-large\"><a href=\"https:\/\/cullarvega.com\/casa-cultura\/wp-content\/uploads\/2024\/04\/jornada-seleccion-personal-sociosanitario-atemde-scaled.jpg\"><img fetchpriority=\"high\" decoding=\"async\" width=\"740\" height=\"1024\" src=\"https:\/\/cullarvega.com\/casa-cultura\/wp-content\/uploads\/2024\/04\/jornada-seleccion-personal-sociosanitario-atemde-740x1024.jpg\" alt=\"\" class=\"wp-image-21610\" srcset=\"https:\/\/cullarvega.com\/casa-cultura\/wp-content\/uploads\/2024\/04\/jornada-seleccion-personal-sociosanitario-atemde-740x1024.jpg 740w, https:\/\/cullarvega.com\/casa-cultura\/wp-content\/uploads\/2024\/04\/jornada-seleccion-personal-sociosanitario-atemde-217x300.jpg 217w, https:\/\/cullarvega.com\/casa-cultura\/wp-content\/uploads\/2024\/04\/jornada-seleccion-personal-sociosanitario-atemde-768x1063.jpg 768w, https:\/\/cullarvega.com\/casa-cultura\/wp-content\/uploads\/2024\/04\/jornada-seleccion-personal-sociosanitario-atemde-1110x1536.jpg 1110w, https:\/\/cullarvega.com\/casa-cultura\/wp-content\/uploads\/2024\/04\/jornada-seleccion-personal-sociosanitario-atemde-1480x2048.jpg 1480w, https:\/\/cullarvega.com\/casa-cultura\/wp-content\/uploads\/2024\/04\/jornada-seleccion-personal-sociosanitario-atemde-434x600.jpg 434w, https:\/\/cullarvega.com\/casa-cultura\/wp-content\/uploads\/2024\/04\/jornada-seleccion-personal-sociosanitario-atemde-405x560.jpg 405w, https:\/\/cullarvega.com\/casa-cultura\/wp-content\/uploads\/2024\/04\/jornada-seleccion-personal-sociosanitario-atemde-scaled.jpg 1850w\" sizes=\"(max-width: 740px) 100vw, 740px\" \/><\/a><\/figure>\n","protected":false},"excerpt":{"rendered":"<p>\u00bfQuieres trabajar como Auxiliar de Ayuda a Domicilio? El pr\u00f3ximo 24 de abril, de 10 a 14 h, estaremos en la Casa de la Cultura de C\u00fallar Vega para una jornada de selecci\u00f3n de personal sociosanitario a personas dependientes en el Domicilio. Inscr\u00edbete en la oferta a trav\u00e9s del siguiente enlace: https:\/\/canaldeempleo.es\/CLECE\/job\/Cullar-Vega-NOS-CONOCEMOS-C%C3%9ALLAR-VEGA-Gran\/792445102\/ y nos pondremos [&hellip;]<\/p>\n","protected":false},"author":1,"featured_media":21610,"comment_status":"closed","ping_status":"open","sticky":false,"template":"","format":"standard","meta":{"footnotes":""},"categories":[1],"tags":[],"class_list":["post-21609","post","type-post","status-publish","format-standard","has-post-thumbnail","hentry","category-actualidad"],"_links":{"self":[{"href":"https:\/\/cullarvega.com\/casa-cultura\/wp-json\/wp\/v2\/posts\/21609","targetHints":{"allow":["GET"]}}],"collection":[{"href":"https:\/\/cullarvega.com\/casa-cultura\/wp-json\/wp\/v2\/posts"}],"about":[{"href":"https:\/\/cullarvega.com\/casa-cultura\/wp-json\/wp\/v2\/types\/post"}],"author":[{"embeddable":true,"href":"https:\/\/cullarvega.com\/casa-cultura\/wp-json\/wp\/v2\/users\/1"}],"replies":[{"embeddable":true,"href":"https:\/\/cullarvega.com\/casa-cultura\/wp-json\/wp\/v2\/comments?post=21609"}],"version-history":[{"count":1,"href":"https:\/\/cullarvega.com\/casa-cultura\/wp-json\/wp\/v2\/posts\/21609\/revisions"}],"predecessor-version":[{"id":21611,"href":"https:\/\/cullarvega.com\/casa-cultura\/wp-json\/wp\/v2\/posts\/21609\/revisions\/21611"}],"wp:featuredmedia":[{"embeddable":true,"href":"https:\/\/cullarvega.com\/casa-cultura\/wp-json\/wp\/v2\/media\/21610"}],"wp:attachment":[{"href":"https:\/\/cullarvega.com\/casa-cultura\/wp-json\/wp\/v2\/media?parent=21609"}],"wp:term":[{"taxonomy":"category","embeddable":true,"href":"https:\/\/cullarvega.com\/casa-cultura\/wp-json\/wp\/v2\/categories?post=21609"},{"taxonomy":"post_tag","embeddable":true,"href":"https:\/\/cullarvega.com\/casa-cultura\/wp-json\/wp\/v2\/tags?post=21609"}],"curies":[{"name":"wp","href":"https:\/\/api.w.org\/{rel}","templated":true}]}}